{"id":64774,"date":"2016-03-14T12:08:41","date_gmt":"2016-03-14T10:08:41","guid":{"rendered":"http:\/\/www.sana.sy\/tr\/?p=64774"},"modified":"2016-03-14T12:15:24","modified_gmt":"2016-03-14T10:15:24","slug":"chaynavi-suriyede-catismalari-durdurma-anlasmasinin-hayata-gecirilmesi-ve-cenevrede-suriyeliler-arasinda-diyalog-gorusmelerinin-yeniden-baslatilmasinda-rusyanin-rolunun-takdire-sayan-oldugunu-if","status":"publish","type":"post","link":"https:\/\/archive.sana.sy\/tr\/?p=64774","title":{"rendered":"Chaynavi Suriye&#8217;de \u00e7at\u0131\u015fmalar\u0131 durdurma anla\u015fmas\u0131n\u0131n hayata ge\u00e7irilmesi ve Cenevre&#8217;de Suriyeliler aras\u0131nda diyalog g\u00f6r\u00fc\u015fmelerinin yeniden ba\u015flat\u0131lmas\u0131nda Rusya&#8217;n\u0131n rol\u00fcn\u00fcn takdire \u015fayan oldu\u011funu ifade ederken, bu g\u00f6r\u00fc\u015fmelerin Suriye&#8217;de siyasi \u00e7\u00f6z\u00fcm sa\u011flamas\u0131 umudunu dile getirdi"},"content":{"rendered":"<p>Chaynavi Suriye&#8217;de \u00e7at\u0131\u015fmalar\u0131 durdurma anla\u015fmas\u0131n\u0131n hayata ge\u00e7irilmesi ve Cenevre&#8217;de Suriyeliler aras\u0131nda diyalog g\u00f6r\u00fc\u015fmelerinin yeniden ba\u015flat\u0131lmas\u0131nda Rusya&#8217;n\u0131n rol\u00fcn\u00fcn takdire \u015fayan oldu\u011funu ifade ederken, bu g\u00f6r\u00fc\u015fmelerin Suriye&#8217;de siyasi \u00e7\u00f6z\u00fcm sa\u011flamas\u0131 umudunu dile getirdi<\/p>\n","protected":false},"excerpt":{"rendered":"<p>Chaynavi Suriye&#8217;de \u00e7at\u0131\u015fmalar\u0131 durdurma anla\u015fmas\u0131n\u0131n hayata ge\u00e7irilmesi ve Cenevre&#8217;de Suriyeliler aras\u0131nda diyalog g\u00f6r\u00fc\u015fmelerinin yeniden ba\u015flat\u0131lmas\u0131nda Rusya&#8217;n\u0131n rol\u00fcn\u00fcn takdire \u015fayan oldu\u011funu ifade ederken, bu g\u00f6r\u00fc\u015fmelerin Suriye&#8217;de siyasi \u00e7\u00f6z\u00fcm sa\u011flamas\u0131 umudunu dile getirdi<\/p>\n","protected":false},"author":1,"featured_media":0,"comment_status":"closed","ping_status":"closed","sticky":false,"template":"","format":"standard","meta":{"footnotes":""},"categories":[17991],"tags":[],"class_list":["post-64774","post","type-post","status-publish","format-standard","","category-son-dakika"],"_links":{"self":[{"href":"https:\/\/archive.sana.sy\/tr\/index.php?rest_route=\/wp\/v2\/posts\/64774","targetHints":{"allow":["GET"]}}],"collection":[{"href":"https:\/\/archive.sana.sy\/tr\/index.php?rest_route=\/wp\/v2\/posts"}],"about":[{"href":"https:\/\/archive.sana.sy\/tr\/index.php?rest_route=\/wp\/v2\/types\/post"}],"author":[{"embeddable":true,"href":"https:\/\/archive.sana.sy\/tr\/index.php?rest_route=\/wp\/v2\/users\/1"}],"replies":[{"embeddable":true,"href":"https:\/\/archive.sana.sy\/tr\/index.php?rest_route=%2Fwp%2Fv2%2Fcomments&post=64774"}],"version-history":[{"count":0,"href":"https:\/\/archive.sana.sy\/tr\/index.php?rest_route=\/wp\/v2\/posts\/64774\/revisions"}],"wp:attachment":[{"href":"https:\/\/archive.sana.sy\/tr\/index.php?rest_route=%2Fwp%2Fv2%2Fmedia&parent=64774"}],"wp:term":[{"taxonomy":"category","embeddable":true,"href":"https:\/\/archive.sana.sy\/tr\/index.php?rest_route=%2Fwp%2Fv2%2Fcategories&post=64774"},{"taxonomy":"post_tag","embeddable":true,"href":"https:\/\/archive.sana.sy\/tr\/index.php?rest_route=%2Fwp%2Fv2%2Ftags&post=64774"}],"curies":[{"name":"wp","href":"https:\/\/api.w.org\/{rel}","templated":true}]}}