{"id":64778,"date":"2016-03-14T12:17:46","date_gmt":"2016-03-14T10:17:46","guid":{"rendered":"http:\/\/www.sana.sy\/tr\/?p=64778"},"modified":"2016-03-14T12:21:17","modified_gmt":"2016-03-14T10:21:17","slug":"lavrov-cenevrede-suriyeliler-arasindaki-diyalog-gorusmelerine-katilan-kimi-taraflarin-radikal-aciklamalarinin-uzlasmanin-saglanmasina-yardimci-olmadigina-dikkat-cekti","status":"publish","type":"post","link":"https:\/\/archive.sana.sy\/tr\/?p=64778","title":{"rendered":"Lavrov Cenevre&#8217;de Suriyeliler aras\u0131ndaki diyalog g\u00f6r\u00fc\u015fmelerine kat\u0131lan kimi taraflar\u0131n radikal a\u00e7\u0131klamalar\u0131n\u0131n uzla\u015fman\u0131n sa\u011flanmas\u0131na yard\u0131mc\u0131 olmad\u0131\u011f\u0131na dikkat \u00e7ekti"},"content":{"rendered":"<p>Lavrov Cenevre&#8217;de Suriyeliler aras\u0131ndaki diyalog g\u00f6r\u00fc\u015fmelerine kat\u0131lan kimi taraflar\u0131n radikal a\u00e7\u0131klamalar\u0131n\u0131n uzla\u015fman\u0131n sa\u011flanmas\u0131na yard\u0131mc\u0131 olmad\u0131\u011f\u0131na dikkat \u00e7ekti<\/p>\n","protected":false},"excerpt":{"rendered":"<p>Lavrov Cenevre&#8217;de Suriyeliler aras\u0131ndaki diyalog g\u00f6r\u00fc\u015fmelerine kat\u0131lan kimi taraflar\u0131n radikal a\u00e7\u0131klamalar\u0131n\u0131n uzla\u015fman\u0131n sa\u011flanmas\u0131na yard\u0131mc\u0131 olmad\u0131\u011f\u0131na dikkat \u00e7ekti<\/p>\n","protected":false},"author":1,"featured_media":0,"comment_status":"closed","ping_status":"closed","sticky":false,"template":"","format":"standard","meta":{"footnotes":""},"categories":[17991],"tags":[],"class_list":["post-64778","post","type-post","status-publish","format-standard","","category-son-dakika"],"_links":{"self":[{"href":"https:\/\/archive.sana.sy\/tr\/index.php?rest_route=\/wp\/v2\/posts\/64778","targetHints":{"allow":["GET"]}}],"collection":[{"href":"https:\/\/archive.sana.sy\/tr\/index.php?rest_route=\/wp\/v2\/posts"}],"about":[{"href":"https:\/\/archive.sana.sy\/tr\/index.php?rest_route=\/wp\/v2\/types\/post"}],"author":[{"embeddable":true,"href":"https:\/\/archive.sana.sy\/tr\/index.php?rest_route=\/wp\/v2\/users\/1"}],"replies":[{"embeddable":true,"href":"https:\/\/archive.sana.sy\/tr\/index.php?rest_route=%2Fwp%2Fv2%2Fcomments&post=64778"}],"version-history":[{"count":0,"href":"https:\/\/archive.sana.sy\/tr\/index.php?rest_route=\/wp\/v2\/posts\/64778\/revisions"}],"wp:attachment":[{"href":"https:\/\/archive.sana.sy\/tr\/index.php?rest_route=%2Fwp%2Fv2%2Fmedia&parent=64778"}],"wp:term":[{"taxonomy":"category","embeddable":true,"href":"https:\/\/archive.sana.sy\/tr\/index.php?rest_route=%2Fwp%2Fv2%2Fcategories&post=64778"},{"taxonomy":"post_tag","embeddable":true,"href":"https:\/\/archive.sana.sy\/tr\/index.php?rest_route=%2Fwp%2Fv2%2Ftags&post=64778"}],"curies":[{"name":"wp","href":"https:\/\/api.w.org\/{rel}","templated":true}]}}