{"id":6478,"date":"2014-08-04T14:23:29","date_gmt":"2014-08-04T11:23:29","guid":{"rendered":"http:\/\/www.sana.sy\/tr\/?p=6478"},"modified":"2014-08-04T14:23:29","modified_gmt":"2014-08-04T11:23:29","slug":"buyuk-arap-sairinin-birinci-vefat-yildonumunde-son-eserleri-yayinlaniyor","status":"publish","type":"post","link":"https:\/\/archive.sana.sy\/tr\/?p=6478","title":{"rendered":"B\u00fcy\u00fck Arap \u015eairinin Birinci Vefat Y\u0131ld\u00f6n\u00fcm\u00fcnde Son Eserleri Yay\u0131nlan\u0131yor"},"content":{"rendered":"<p>\u015eAM \u2013 K\u00fclt\u00fcr Bakanl\u0131\u011f\u0131na tabi Kitap Kamu Kurumu; b\u00fcy\u00fck Arap \u015eairi S\u00fcleyman el \u0130sa\u2019n\u0131n birinci vefat y\u0131ld\u00f6n\u00fcm\u00fcn\u00fcn yakla\u015fmas\u0131yla son on y\u0131l i\u00e7inde yazd\u0131\u011f\u0131 eserlerini \u00fc\u00e7 cilt i\u00e7inde toplay\u0131p yay\u0131mlad\u0131.<\/p>\n<p>B\u00fcy\u00fck \u015fairin yurtd\u0131\u015f\u0131nda olmas\u0131 nedeniyle yurtd\u0131\u015f\u0131nda 7 kitap halinde yay\u0131mlanan s\u00f6z konusu eserler merhum\u2019un e\u015fi Dr Melek Abyad taraf\u0131ndan derlendi.<\/p>\n<p>Dr Abyad SANA\u2019ya yapt\u0131\u011f\u0131 a\u00e7\u0131klamada; s\u00f6z konusu eserlerin; e\u015fiyle birlikte 15 y\u0131l boyunca ikamet ettikleri Yemen\u2019de yay\u0131mland\u0131\u011f\u0131n\u0131, fakat o zamanlarda bu eserlerin geni\u015f \u00e7apl\u0131 olarak da\u011f\u0131t\u0131lmad\u0131\u011f\u0131n\u0131 s\u00f6ylerken, Suriye&#8217;de pek bilinmeyen bu eserlerin K\u00fclt\u00fcr Bakanl\u0131\u011f\u0131n\u0131n bu eserleri tan\u0131tma amac\u0131yla yeniden bas\u0131p da\u011f\u0131tt\u0131\u011f\u0131n\u0131 belirtti.<\/p>\n<p>1921 y\u0131l\u0131nda Antakya k\u0131rsal\u0131n\u0131n Nehirli (sonradan Aknehir olarak adland\u0131r\u0131ld\u0131) K\u00f6y\u00fcnde d\u00fcnyaya gelen b\u00fcy\u00fck Arap \u015fairi \u0130sa; 09 A\u011fustos 2013 y\u0131l\u0131nda aram\u0131zdan ayr\u0131ld\u0131.<\/p>\n<p>1969 y\u0131l\u0131nda Suriye&#8217;de kurulan Arap Yazarlar Birli\u011finin kurucular\u0131ndan biri olan \u015eair \u0130sa; kendi eserleriyle Arap edebiyat\u0131na \u00f6nemli zenginlikler kazand\u0131r\u0131rken, e\u015fi Dr Abyad ile birlikte de d\u00fcnya edebiyat\u0131n\u0131 \u00e7evirilerle zenginle\u015ftirdi.<\/p>\n<p>&nbsp;<\/p>\n","protected":false},"excerpt":{"rendered":"<p>\u015eAM \u2013 K\u00fclt\u00fcr Bakanl\u0131\u011f\u0131na tabi Kitap Kamu Kurumu; b\u00fcy\u00fck Arap \u015eairi S\u00fcleyman el \u0130sa\u2019n\u0131n birinci vefat y\u0131ld\u00f6n\u00fcm\u00fcn\u00fcn yakla\u015fmas\u0131yla son on y\u0131l i\u00e7inde yazd\u0131\u011f\u0131 eserlerini \u00fc\u00e7 cilt i\u00e7inde toplay\u0131p yay\u0131mlad\u0131. B\u00fcy\u00fck \u015fairin yurtd\u0131\u015f\u0131nda olmas\u0131 nedeniyle yurtd\u0131\u015f\u0131nda 7 kitap halinde yay\u0131mlanan s\u00f6z konusu eserler merhum\u2019un e\u015fi Dr Melek Abyad taraf\u0131ndan derlendi. Dr Abyad SANA\u2019ya yapt\u0131\u011f\u0131 a\u00e7\u0131klamada; s\u00f6z &hellip;<\/p>\n","protected":false},"author":1,"featured_media":6479,"comment_status":"closed","ping_status":"closed","sticky":false,"template":"","format":"standard","meta":{"footnotes":""},"categories":[479,516,511,478],"tags":[1442],"class_list":["post-6478","post","type-post","status-publish","format-standard","has-post-thumbnail","","category-haberler-yerel","category-haberler-kultur-ve-sanat","category-kultur-ve-sanat","category-yerel","tag-buyuk-arap-sairinin-birinci-vefat-yildonumunde-son-eserleri-yayinlaniyor"],"_links":{"self":[{"href":"https:\/\/archive.sana.sy\/tr\/index.php?rest_route=\/wp\/v2\/posts\/6478","targetHints":{"allow":["GET"]}}],"collection":[{"href":"https:\/\/archive.sana.sy\/tr\/index.php?rest_route=\/wp\/v2\/posts"}],"about":[{"href":"https:\/\/archive.sana.sy\/tr\/index.php?rest_route=\/wp\/v2\/types\/post"}],"author":[{"embeddable":true,"href":"https:\/\/archive.sana.sy\/tr\/index.php?rest_route=\/wp\/v2\/users\/1"}],"replies":[{"embeddable":true,"href":"https:\/\/archive.sana.sy\/tr\/index.php?rest_route=%2Fwp%2Fv2%2Fcomments&post=6478"}],"version-history":[{"count":0,"href":"https:\/\/archive.sana.sy\/tr\/index.php?rest_route=\/wp\/v2\/posts\/6478\/revisions"}],"wp:featuredmedia":[{"embeddable":true,"href":"https:\/\/archive.sana.sy\/tr\/index.php?rest_route=\/wp\/v2\/media\/6479"}],"wp:attachment":[{"href":"https:\/\/archive.sana.sy\/tr\/index.php?rest_route=%2Fwp%2Fv2%2Fmedia&parent=6478"}],"wp:term":[{"taxonomy":"category","embeddable":true,"href":"https:\/\/archive.sana.sy\/tr\/index.php?rest_route=%2Fwp%2Fv2%2Fcategories&post=6478"},{"taxonomy":"post_tag","embeddable":true,"href":"https:\/\/archive.sana.sy\/tr\/index.php?rest_route=%2Fwp%2Fv2%2Ftags&post=6478"}],"curies":[{"name":"wp","href":"https:\/\/api.w.org\/{rel}","templated":true}]}}