{"id":64782,"date":"2016-03-14T12:24:52","date_gmt":"2016-03-14T10:24:52","guid":{"rendered":"http:\/\/www.sana.sy\/tr\/?p=64782"},"modified":"2016-03-14T12:24:52","modified_gmt":"2016-03-14T10:24:52","slug":"rusya-disisleri-bakani-lavrov-moskovanin-suriyenin-federallestirilmesini-desteklemedigini-ifade-ederken-suriye-halkinin-kendi-ulkesinin-gelecegini-ve-yonetimini-belirleyecek-yegane-taraf-oldugunu","status":"publish","type":"post","link":"https:\/\/archive.sana.sy\/tr\/?p=64782","title":{"rendered":"Rusya D\u0131\u015fi\u015fleri Bakan\u0131 Lavrov Moskova&#8217;n\u0131n Suriye&#8217;nin federalle\u015ftirilmesini desteklemedi\u011fini ifade ederken, Suriye halk\u0131n\u0131n kendi \u00fclkesinin gelece\u011fini ve y\u00f6netimini belirleyecek yegane taraf oldu\u011funun alt\u0131n\u0131 \u00e7izdi"},"content":{"rendered":"<p>Rusya D\u0131\u015fi\u015fleri Bakan\u0131 Lavrov Moskova&#8217;n\u0131n Suriye&#8217;nin federalle\u015ftirilmesini desteklemedi\u011fini ifade ederken, Suriye halk\u0131n\u0131n kendi \u00fclkesinin gelece\u011fini ve y\u00f6netimini belirleyecek yegane taraf oldu\u011funun alt\u0131n\u0131 \u00e7izdi<\/p>\n","protected":false},"excerpt":{"rendered":"<p>Rusya D\u0131\u015fi\u015fleri Bakan\u0131 Lavrov Moskova&#8217;n\u0131n Suriye&#8217;nin federalle\u015ftirilmesini desteklemedi\u011fini ifade ederken, Suriye halk\u0131n\u0131n kendi \u00fclkesinin gelece\u011fini ve y\u00f6netimini belirleyecek yegane taraf oldu\u011funun alt\u0131n\u0131 \u00e7izdi<\/p>\n","protected":false},"author":1,"featured_media":0,"comment_status":"closed","ping_status":"closed","sticky":false,"template":"","format":"standard","meta":{"footnotes":""},"categories":[17991],"tags":[],"class_list":["post-64782","post","type-post","status-publish","format-standard","","category-son-dakika"],"_links":{"self":[{"href":"https:\/\/archive.sana.sy\/tr\/index.php?rest_route=\/wp\/v2\/posts\/64782","targetHints":{"allow":["GET"]}}],"collection":[{"href":"https:\/\/archive.sana.sy\/tr\/index.php?rest_route=\/wp\/v2\/posts"}],"about":[{"href":"https:\/\/archive.sana.sy\/tr\/index.php?rest_route=\/wp\/v2\/types\/post"}],"author":[{"embeddable":true,"href":"https:\/\/archive.sana.sy\/tr\/index.php?rest_route=\/wp\/v2\/users\/1"}],"replies":[{"embeddable":true,"href":"https:\/\/archive.sana.sy\/tr\/index.php?rest_route=%2Fwp%2Fv2%2Fcomments&post=64782"}],"version-history":[{"count":0,"href":"https:\/\/archive.sana.sy\/tr\/index.php?rest_route=\/wp\/v2\/posts\/64782\/revisions"}],"wp:attachment":[{"href":"https:\/\/archive.sana.sy\/tr\/index.php?rest_route=%2Fwp%2Fv2%2Fmedia&parent=64782"}],"wp:term":[{"taxonomy":"category","embeddable":true,"href":"https:\/\/archive.sana.sy\/tr\/index.php?rest_route=%2Fwp%2Fv2%2Fcategories&post=64782"},{"taxonomy":"post_tag","embeddable":true,"href":"https:\/\/archive.sana.sy\/tr\/index.php?rest_route=%2Fwp%2Fv2%2Ftags&post=64782"}],"curies":[{"name":"wp","href":"https:\/\/api.w.org\/{rel}","templated":true}]}}