{"id":64785,"date":"2016-03-14T12:27:12","date_gmt":"2016-03-14T10:27:12","guid":{"rendered":"http:\/\/www.sana.sy\/tr\/?p=64785"},"modified":"2016-03-14T12:26:36","modified_gmt":"2016-03-14T10:26:36","slug":"cenevrede-suriyeliler-arasindaki-diyalog-gorusmelerinde-suriye-arap-cumhuriyetinin-heyeti-bm-suriye-ozel-temsilcisi-staffan-de-mistura-ile-temaslarda-bulunmak-uzere-bm-binasina-ulasti","status":"publish","type":"post","link":"https:\/\/archive.sana.sy\/tr\/?p=64785","title":{"rendered":"Cenevre&#8217;de Suriyeliler aras\u0131ndaki diyalog g\u00f6r\u00fc\u015fmelerinde Suriye Arap Cumhuriyetinin heyeti BM Suriye \u00f6zel temsilcisi Staffan de Mistura ile temaslarda bulunmak \u00fczere BM binas\u0131na ula\u015ft\u0131"},"content":{"rendered":"<p>Cenevre&#8217;de Suriyeliler aras\u0131ndaki diyalog g\u00f6r\u00fc\u015fmelerinde Suriye Arap Cumhuriyetinin heyeti BM Suriye \u00f6zel temsilcisi Staffan de Mistura ile temaslarda bulunmak \u00fczere BM binas\u0131na ula\u015ft\u0131<\/p>\n","protected":false},"excerpt":{"rendered":"<p>Cenevre&#8217;de Suriyeliler aras\u0131ndaki diyalog g\u00f6r\u00fc\u015fmelerinde Suriye Arap Cumhuriyetinin heyeti BM Suriye \u00f6zel temsilcisi Staffan de Mistura ile temaslarda bulunmak \u00fczere BM binas\u0131na ula\u015ft\u0131<\/p>\n","protected":false},"author":1,"featured_media":0,"comment_status":"closed","ping_status":"closed","sticky":false,"template":"","format":"standard","meta":{"footnotes":""},"categories":[17991],"tags":[],"class_list":["post-64785","post","type-post","status-publish","format-standard","","category-son-dakika"],"_links":{"self":[{"href":"https:\/\/archive.sana.sy\/tr\/index.php?rest_route=\/wp\/v2\/posts\/64785","targetHints":{"allow":["GET"]}}],"collection":[{"href":"https:\/\/archive.sana.sy\/tr\/index.php?rest_route=\/wp\/v2\/posts"}],"about":[{"href":"https:\/\/archive.sana.sy\/tr\/index.php?rest_route=\/wp\/v2\/types\/post"}],"author":[{"embeddable":true,"href":"https:\/\/archive.sana.sy\/tr\/index.php?rest_route=\/wp\/v2\/users\/1"}],"replies":[{"embeddable":true,"href":"https:\/\/archive.sana.sy\/tr\/index.php?rest_route=%2Fwp%2Fv2%2Fcomments&post=64785"}],"version-history":[{"count":0,"href":"https:\/\/archive.sana.sy\/tr\/index.php?rest_route=\/wp\/v2\/posts\/64785\/revisions"}],"wp:attachment":[{"href":"https:\/\/archive.sana.sy\/tr\/index.php?rest_route=%2Fwp%2Fv2%2Fmedia&parent=64785"}],"wp:term":[{"taxonomy":"category","embeddable":true,"href":"https:\/\/archive.sana.sy\/tr\/index.php?rest_route=%2Fwp%2Fv2%2Fcategories&post=64785"},{"taxonomy":"post_tag","embeddable":true,"href":"https:\/\/archive.sana.sy\/tr\/index.php?rest_route=%2Fwp%2Fv2%2Ftags&post=64785"}],"curies":[{"name":"wp","href":"https:\/\/api.w.org\/{rel}","templated":true}]}}