{"id":64786,"date":"2016-03-14T12:32:59","date_gmt":"2016-03-14T10:32:59","guid":{"rendered":"http:\/\/www.sana.sy\/tr\/?p=64786"},"modified":"2016-03-14T12:32:59","modified_gmt":"2016-03-14T10:32:59","slug":"cenevrede-suriyeliler-arasindaki-diyalog-gorusmelerinde-suriye-arap-cumhuriyeti-heyeti-bm-suriye-ozel-temsilcisi-staffan-de-mistura-ile-bm-binasinda-gorusmelere-basladi","status":"publish","type":"post","link":"https:\/\/archive.sana.sy\/tr\/?p=64786","title":{"rendered":"Cenevre&#8217;de Suriyeliler aras\u0131ndaki diyalog g\u00f6r\u00fc\u015fmelerinde Suriye Arap Cumhuriyeti heyeti BM Suriye \u00f6zel temsilcisi Staffan de Mistura ile BM binas\u0131nda g\u00f6r\u00fc\u015fmelere ba\u015flad\u0131"},"content":{"rendered":"<p>Cenevre&#8217;de Suriyeliler aras\u0131ndaki diyalog g\u00f6r\u00fc\u015fmelerinde Suriye Arap Cumhuriyeti heyeti BM Suriye \u00f6zel temsilcisi Staffan de Mistura ile BM binas\u0131nda g\u00f6r\u00fc\u015fmelere ba\u015flad\u0131<\/p>\n","protected":false},"excerpt":{"rendered":"<p>Cenevre&#8217;de Suriyeliler aras\u0131ndaki diyalog g\u00f6r\u00fc\u015fmelerinde Suriye Arap Cumhuriyeti heyeti BM Suriye \u00f6zel temsilcisi Staffan de Mistura ile BM binas\u0131nda g\u00f6r\u00fc\u015fmelere ba\u015flad\u0131<\/p>\n","protected":false},"author":1,"featured_media":0,"comment_status":"closed","ping_status":"closed","sticky":false,"template":"","format":"standard","meta":{"footnotes":""},"categories":[17991],"tags":[],"class_list":["post-64786","post","type-post","status-publish","format-standard","","category-son-dakika"],"_links":{"self":[{"href":"https:\/\/archive.sana.sy\/tr\/index.php?rest_route=\/wp\/v2\/posts\/64786","targetHints":{"allow":["GET"]}}],"collection":[{"href":"https:\/\/archive.sana.sy\/tr\/index.php?rest_route=\/wp\/v2\/posts"}],"about":[{"href":"https:\/\/archive.sana.sy\/tr\/index.php?rest_route=\/wp\/v2\/types\/post"}],"author":[{"embeddable":true,"href":"https:\/\/archive.sana.sy\/tr\/index.php?rest_route=\/wp\/v2\/users\/1"}],"replies":[{"embeddable":true,"href":"https:\/\/archive.sana.sy\/tr\/index.php?rest_route=%2Fwp%2Fv2%2Fcomments&post=64786"}],"version-history":[{"count":0,"href":"https:\/\/archive.sana.sy\/tr\/index.php?rest_route=\/wp\/v2\/posts\/64786\/revisions"}],"wp:attachment":[{"href":"https:\/\/archive.sana.sy\/tr\/index.php?rest_route=%2Fwp%2Fv2%2Fmedia&parent=64786"}],"wp:term":[{"taxonomy":"category","embeddable":true,"href":"https:\/\/archive.sana.sy\/tr\/index.php?rest_route=%2Fwp%2Fv2%2Fcategories&post=64786"},{"taxonomy":"post_tag","embeddable":true,"href":"https:\/\/archive.sana.sy\/tr\/index.php?rest_route=%2Fwp%2Fv2%2Ftags&post=64786"}],"curies":[{"name":"wp","href":"https:\/\/api.w.org\/{rel}","templated":true}]}}