{"id":64791,"date":"2016-03-14T17:27:43","date_gmt":"2016-03-14T15:27:43","guid":{"rendered":"http:\/\/www.sana.sy\/tr\/?p=64791"},"modified":"2016-03-15T18:44:40","modified_gmt":"2016-03-15T16:44:40","slug":"suriye-heyeti-de-mistura-ile-gorustu","status":"publish","type":"post","link":"https:\/\/archive.sana.sy\/tr\/?p=64791","title":{"rendered":"Suriye Halk\u0131na Duyarl\u0131l\u0131k ve Sorumluluktan G\u00fc\u00e7 Al\u0131yoruz (video)"},"content":{"rendered":"<p>&nbsp;<\/p>\n<p>CENEVRE \u2013 Cenevre\u2019de ba\u015flayan Suriyeliler aras\u0131nda dolayl\u0131 diyalog g\u00f6r\u00fc\u015fmelerinde Suriye Arap Cumhuriyetinin heyeti bug\u00fcn BM Suriye \u00f6zel temsilcisi Staffan de Mistura ile BM binas\u0131nda bir araya geldi.<\/p>\n<p><a href=\"http:\/\/www.sana.sy\/tr\/wp-content\/uploads\/2016\/03\/0002.jpg\"><img loading=\"lazy\" decoding=\"async\" class=\"alignright wp-image-64848 size-medium\" src=\"http:\/\/www.sana.sy\/tr\/wp-content\/uploads\/2016\/03\/0002-300x200.jpg\" alt=\"\" width=\"300\" height=\"200\" srcset=\"https:\/\/archive.sana.sy\/tr\/wp-content\/uploads\/2016\/03\/0002-300x200.jpg 300w, https:\/\/archive.sana.sy\/tr\/wp-content\/uploads\/2016\/03\/0002-150x100.jpg 150w, https:\/\/archive.sana.sy\/tr\/wp-content\/uploads\/2016\/03\/0002-768x512.jpg 768w, https:\/\/archive.sana.sy\/tr\/wp-content\/uploads\/2016\/03\/0002-1024x683.jpg 1024w\" sizes=\"auto, (max-width: 300px) 100vw, 300px\" \/><\/a><\/p>\n<p>Toplant\u0131n\u0131n bitiminden sonra Suriye Arap Cumhuriyeti heyetinin ba\u015fkan\u0131 Be\u015f\u015far el Caferi bas\u0131na yapt\u0131\u011f\u0131 a\u00e7\u0131klamada; de Mistura toplant\u0131n\u0131n olumlu ve yap\u0131c\u0131 oldu\u011funu belirtti.<\/p>\n<p>Caferi de toplant\u0131da diyalogda i\u00e7erik ve cevherin tart\u0131\u015f\u0131lmas\u0131na izin verecek \u015fekilde g\u00fczel bir haz\u0131rl\u0131\u011f\u0131n yap\u0131lmas\u0131 gere\u011finin belirtildi\u011fini a\u00e7\u0131klad\u0131. Diyalog g\u00f6r\u00fc\u015fmelerine hangi taraflar ve heyetlerin kat\u0131laca\u011f\u0131yla birlikte bir \u00f6nceki turda yap\u0131lan hatalar\u0131n a\u015f\u0131l\u0131p a\u015f\u0131lmad\u0131\u011f\u0131n\u0131n tart\u0131\u015f\u0131ld\u0131\u011f\u0131n\u0131 ifade eden Caferi; g\u00f6r\u00fc\u015fmelere kat\u0131lacaklar\u0131n listesiyle birlikte t\u00fcm heyetlerin e\u015fit bir \u015fekilde muamele g\u00f6rmelerinin \u00f6neminin tart\u0131\u015f\u0131ld\u0131\u011f\u0131n\u0131 belirtti.<\/p>\n<p>Caferi Suriye heyetinin siyasi \u00e7\u00f6z\u00fcm i\u00e7in temel fakt\u00f6rler olan ve ayn\u0131 zamanda de Mistura\u2019n\u0131n siyasi \u00e7abalar\u0131n\u0131 zenginle\u015ftirebilecek bir dizi d\u00fc\u015f\u00fcnce ve bak\u0131\u015f a\u00e7\u0131lar\u0131 takdim ettiklerini s\u00f6yledi. De Mistura ile ikinci bulu\u015fma i\u00e7in g\u00fczel ve uygun bir haz\u0131rl\u0131\u011fa ge\u00e7eceklerini ifade eden Caferi, bunun da \u00c7ar\u015famba g\u00fcn\u00fc olaca\u011f\u0131n\u0131 ifade etti.<\/p>\n<p><a href=\"http:\/\/www.sana.sy\/tr\/wp-content\/uploads\/2016\/03\/photo_2016-03-14_15-00-48.jpg\"><img loading=\"lazy\" decoding=\"async\" class=\"alignright wp-image-64849 size-medium\" src=\"http:\/\/www.sana.sy\/tr\/wp-content\/uploads\/2016\/03\/photo_2016-03-14_15-00-48-300x199.jpg\" alt=\"\" width=\"300\" height=\"199\" srcset=\"https:\/\/archive.sana.sy\/tr\/wp-content\/uploads\/2016\/03\/photo_2016-03-14_15-00-48-300x199.jpg 300w, https:\/\/archive.sana.sy\/tr\/wp-content\/uploads\/2016\/03\/photo_2016-03-14_15-00-48-150x100.jpg 150w, https:\/\/archive.sana.sy\/tr\/wp-content\/uploads\/2016\/03\/photo_2016-03-14_15-00-48-768x511.jpg 768w, https:\/\/archive.sana.sy\/tr\/wp-content\/uploads\/2016\/03\/photo_2016-03-14_15-00-48-1024x681.jpg 1024w, https:\/\/archive.sana.sy\/tr\/wp-content\/uploads\/2016\/03\/photo_2016-03-14_15-00-48-310x205.jpg 310w, https:\/\/archive.sana.sy\/tr\/wp-content\/uploads\/2016\/03\/photo_2016-03-14_15-00-48.jpg 1280w\" sizes=\"auto, (max-width: 300px) 100vw, 300px\" \/><\/a>Caferi de Mistura\u2019n\u0131n yar\u0131n di\u011fer heyetlerle bir araya gelece\u011fine i\u015faret ederken, bu heyetlerin BM kararlar\u0131n\u0131n yan\u0131 s\u0131ra Viyana deklarasyonlar\u0131 kapsam\u0131nda haz\u0131rl\u0131klar\u0131n\u0131 tamamlam\u0131\u015f olmalar\u0131n\u0131 temennisinde bulundu.<\/p>\n<p>Caferi ilgili t\u00fcm kararlar ve uzla\u015fmalar\u0131n Suriyeliler aras\u0131ndaki diyalog g\u00f6r\u00fc\u015fmelerinde Suriye muhalefetinin m\u00fcmk\u00fcn oldu\u011funca geni\u015f bir \u015fekilde temsil edilmesi \u00f6nemine vurgu yapt\u0131\u011f\u0131na dikkat \u00e7ekti.<\/p>\n<p>Suriye heyetinin diyalog g\u00f6r\u00fc\u015fmelerinde Suriye halk\u0131na ili\u015fkin sorumluluk ve duyarl\u0131l\u0131ktan hareket etti\u011fine ve edece\u011fine vurgu yapan Caferi; bunun da Suriye halk\u0131n\u0131n heyete verdi\u011fi bir nevi g\u00fc\u00e7 oldu\u011funu belirtti.<\/p>\n<p><span style=\"color: #0000ff\">Sonu\u00e7lardan S\u00f6z Etmek \u0130\u00e7in Hen\u00fcz Erken<\/span><\/p>\n<p>Benzer a\u00e7\u0131klamada BM Suriye \u00f6zel temsilcisi de Mistura g\u00f6r\u00fc\u015fmede; netlik kazand\u0131r\u0131lmas\u0131 istenen bir dizi icraat\u0131n tart\u0131\u015f\u0131ld\u0131\u011f\u0131n\u0131 ve bir k\u0131s\u0131m sonu\u00e7lar\u0131n al\u0131nd\u0131\u011f\u0131n\u0131 s\u00f6yledi.<\/p>\n<p>Suriye heyeti ile g\u00f6r\u00fc\u015fmeleri olumlu ve \u00f6nemli olarak nitelendiren de Mistura; Suriyeliler aras\u0131nda diyalog g\u00f6r\u00fc\u015fmelerinin t\u00fcm uluslar aras\u0131 toplum taraf\u0131ndan desteklenmesi gerekti\u011fini, aksi halde herkesin pi\u015fman olaca\u011f\u0131n\u0131 s\u00f6yledi.<\/p>\n<p>De Mistura \u00f6n\u00fcm\u00fczdeki \u00c7ar\u015famba g\u00fcn\u00fc yap\u0131lacak diyalog oturumunda \u00e7al\u0131\u015fma g\u00fcndemindeki konular\u0131n masaya yat\u0131r\u0131laca\u011f\u0131n\u0131 a\u00e7\u0131klad\u0131. Suriyeliler aras\u0131ndaki diyalog g\u00f6r\u00fc\u015fmelerinin gidi\u015fat ve sonu\u00e7lar\u0131n\u0131n 24 Mart tarihinde sona erecek ilk tur g\u00f6r\u00fc\u015fmelerinin bitiminde netle\u015fece\u011fini ifade eden de Mistura; sonu\u00e7lar konusunda konu\u015fmak i\u00e7in zaman\u0131n erken oldu\u011funu s\u00f6yledi.<\/p>\n<p>Suriye Arap Cumhuriyeti heyeti BM genel sekreterinin Suriye \u00f6zel temsilcisi de Mistura ile temaslarda bulunmak \u00fczere BM binas\u0131na ula\u015fm\u0131\u015ft\u0131.<\/p>\n<p>https:\/\/www.youtube.com\/watch?v=DqlIVR6cXLk<\/p>\n","protected":false},"excerpt":{"rendered":"<p>&nbsp; CENEVRE \u2013 Cenevre\u2019de ba\u015flayan Suriyeliler aras\u0131nda dolayl\u0131 diyalog g\u00f6r\u00fc\u015fmelerinde Suriye Arap Cumhuriyetinin heyeti bug\u00fcn BM Suriye \u00f6zel temsilcisi Staffan de Mistura ile BM binas\u0131nda bir araya geldi. Toplant\u0131n\u0131n bitiminden sonra Suriye Arap Cumhuriyeti heyetinin ba\u015fkan\u0131 Be\u015f\u015far el Caferi bas\u0131na yapt\u0131\u011f\u0131 a\u00e7\u0131klamada; de Mistura toplant\u0131n\u0131n olumlu ve yap\u0131c\u0131 oldu\u011funu belirtti. Caferi de toplant\u0131da diyalogda i\u00e7erik &hellip;<\/p>\n","protected":false},"author":1,"featured_media":64846,"comment_status":"closed","ping_status":"closed","sticky":false,"template":"","format":"standard","meta":{"footnotes":""},"categories":[458,459,17988],"tags":[],"class_list":["post-64791","post","type-post","status-publish","format-standard","has-post-thumbnail","","category-dunya1","category-haberler-arap-uluslararasi-politika","category-son-haberler"],"_links":{"self":[{"href":"https:\/\/archive.sana.sy\/tr\/index.php?rest_route=\/wp\/v2\/posts\/64791","targetHints":{"allow":["GET"]}}],"collection":[{"href":"https:\/\/archive.sana.sy\/tr\/index.php?rest_route=\/wp\/v2\/posts"}],"about":[{"href":"https:\/\/archive.sana.sy\/tr\/index.php?rest_route=\/wp\/v2\/types\/post"}],"author":[{"embeddable":true,"href":"https:\/\/archive.sana.sy\/tr\/index.php?rest_route=\/wp\/v2\/users\/1"}],"replies":[{"embeddable":true,"href":"https:\/\/archive.sana.sy\/tr\/index.php?rest_route=%2Fwp%2Fv2%2Fcomments&post=64791"}],"version-history":[{"count":0,"href":"https:\/\/archive.sana.sy\/tr\/index.php?rest_route=\/wp\/v2\/posts\/64791\/revisions"}],"wp:featuredmedia":[{"embeddable":true,"href":"https:\/\/archive.sana.sy\/tr\/index.php?rest_route=\/wp\/v2\/media\/64846"}],"wp:attachment":[{"href":"https:\/\/archive.sana.sy\/tr\/index.php?rest_route=%2Fwp%2Fv2%2Fmedia&parent=64791"}],"wp:term":[{"taxonomy":"category","embeddable":true,"href":"https:\/\/archive.sana.sy\/tr\/index.php?rest_route=%2Fwp%2Fv2%2Fcategories&post=64791"},{"taxonomy":"post_tag","embeddable":true,"href":"https:\/\/archive.sana.sy\/tr\/index.php?rest_route=%2Fwp%2Fv2%2Ftags&post=64791"}],"curies":[{"name":"wp","href":"https:\/\/api.w.org\/{rel}","templated":true}]}}