{"id":64818,"date":"2016-03-14T14:45:47","date_gmt":"2016-03-14T12:45:47","guid":{"rendered":"http:\/\/www.sana.sy\/tr\/?p=64818"},"modified":"2016-03-14T14:57:56","modified_gmt":"2016-03-14T12:57:56","slug":"suriye-arap-cumhuriyeti-heyeti-ile-cenevrede-bm-binasinda-bulundugu-temaslarin-ardindan-basina-aciklama-yapan-bm-suriye-ozel-temsilcisi-de-mistura-netlik-kazandirilmasi-istenen-bir-dizi-icra","status":"publish","type":"post","link":"https:\/\/archive.sana.sy\/tr\/?p=64818","title":{"rendered":"Suriye Arap Cumhuriyeti heyeti ile Cenevre\u2019de BM binas\u0131nda bulundu\u011fu temaslar\u0131n ard\u0131ndan bas\u0131na a\u00e7\u0131klama yapan BM Suriye \u00f6zel temsilcisi de Mistura; netlik kazand\u0131r\u0131lmas\u0131 istenen bir dizi icraat\u0131n tart\u0131\u015f\u0131ld\u0131\u011f\u0131n\u0131 ve bir k\u0131s\u0131m sonu\u00e7lar\u0131n al\u0131nd\u0131\u011f\u0131n\u0131 s\u00f6yledi"},"content":{"rendered":"<p>Suriye Arap Cumhuriyeti heyeti ile Cenevre\u2019de BM binas\u0131nda bulundu\u011fu temaslar\u0131n ard\u0131ndan bas\u0131na a\u00e7\u0131klama yapan BM Suriye \u00f6zel temsilcisi de Mistura; netlik kazand\u0131r\u0131lmas\u0131 istenen bir dizi icraat\u0131n tart\u0131\u015f\u0131ld\u0131\u011f\u0131n\u0131 ve bir k\u0131s\u0131m sonu\u00e7lar\u0131n al\u0131nd\u0131\u011f\u0131n\u0131 s\u00f6yledi<\/p>\n","protected":false},"excerpt":{"rendered":"<p>Suriye Arap Cumhuriyeti heyeti ile Cenevre\u2019de BM binas\u0131nda bulundu\u011fu temaslar\u0131n ard\u0131ndan bas\u0131na a\u00e7\u0131klama yapan BM Suriye \u00f6zel temsilcisi de Mistura; netlik kazand\u0131r\u0131lmas\u0131 istenen bir dizi icraat\u0131n tart\u0131\u015f\u0131ld\u0131\u011f\u0131n\u0131 ve bir k\u0131s\u0131m sonu\u00e7lar\u0131n al\u0131nd\u0131\u011f\u0131n\u0131 s\u00f6yledi<\/p>\n","protected":false},"author":1,"featured_media":64037,"comment_status":"closed","ping_status":"closed","sticky":false,"template":"","format":"standard","meta":{"footnotes":""},"categories":[17991],"tags":[],"class_list":["post-64818","post","type-post","status-publish","format-standard","has-post-thumbnail","","category-son-dakika"],"_links":{"self":[{"href":"https:\/\/archive.sana.sy\/tr\/index.php?rest_route=\/wp\/v2\/posts\/64818","targetHints":{"allow":["GET"]}}],"collection":[{"href":"https:\/\/archive.sana.sy\/tr\/index.php?rest_route=\/wp\/v2\/posts"}],"about":[{"href":"https:\/\/archive.sana.sy\/tr\/index.php?rest_route=\/wp\/v2\/types\/post"}],"author":[{"embeddable":true,"href":"https:\/\/archive.sana.sy\/tr\/index.php?rest_route=\/wp\/v2\/users\/1"}],"replies":[{"embeddable":true,"href":"https:\/\/archive.sana.sy\/tr\/index.php?rest_route=%2Fwp%2Fv2%2Fcomments&post=64818"}],"version-history":[{"count":0,"href":"https:\/\/archive.sana.sy\/tr\/index.php?rest_route=\/wp\/v2\/posts\/64818\/revisions"}],"wp:featuredmedia":[{"embeddable":true,"href":"https:\/\/archive.sana.sy\/tr\/index.php?rest_route=\/wp\/v2\/media\/64037"}],"wp:attachment":[{"href":"https:\/\/archive.sana.sy\/tr\/index.php?rest_route=%2Fwp%2Fv2%2Fmedia&parent=64818"}],"wp:term":[{"taxonomy":"category","embeddable":true,"href":"https:\/\/archive.sana.sy\/tr\/index.php?rest_route=%2Fwp%2Fv2%2Fcategories&post=64818"},{"taxonomy":"post_tag","embeddable":true,"href":"https:\/\/archive.sana.sy\/tr\/index.php?rest_route=%2Fwp%2Fv2%2Ftags&post=64818"}],"curies":[{"name":"wp","href":"https:\/\/api.w.org\/{rel}","templated":true}]}}