{"id":64824,"date":"2016-03-14T15:05:07","date_gmt":"2016-03-14T13:05:07","guid":{"rendered":"http:\/\/www.sana.sy\/tr\/?p=64824"},"modified":"2016-03-14T15:05:07","modified_gmt":"2016-03-14T13:05:07","slug":"suriyeliler-arasindaki-diyalog-gorusmelerinin-gidisat-ve-sonuclarinin-24-mart-tarihinde-sona-erecek-ilk-tur-gorusmelerinin-bitiminde-netlesecegini-ifade-eden-de-mistura-sonuclar-konusunda-konusmak-ic","status":"publish","type":"post","link":"https:\/\/archive.sana.sy\/tr\/?p=64824","title":{"rendered":"Suriyeliler aras\u0131ndaki diyalog g\u00f6r\u00fc\u015fmelerinin gidi\u015fat ve sonu\u00e7lar\u0131n\u0131n 24 Mart tarihinde sona erecek ilk tur g\u00f6r\u00fc\u015fmelerinin bitiminde netle\u015fece\u011fini ifade eden de Mistura; sonu\u00e7lar konusunda konu\u015fmak i\u00e7in zaman\u0131n erken oldu\u011funu s\u00f6yledi"},"content":{"rendered":"<p>Suriyeliler aras\u0131ndaki diyalog g\u00f6r\u00fc\u015fmelerinin gidi\u015fat ve sonu\u00e7lar\u0131n\u0131n 24 Mart tarihinde sona erecek ilk tur g\u00f6r\u00fc\u015fmelerinin bitiminde netle\u015fece\u011fini ifade eden de Mistura; sonu\u00e7lar konusunda konu\u015fmak i\u00e7in zaman\u0131n erken oldu\u011funu s\u00f6yledi<\/p>\n","protected":false},"excerpt":{"rendered":"<p>Suriyeliler aras\u0131ndaki diyalog g\u00f6r\u00fc\u015fmelerinin gidi\u015fat ve sonu\u00e7lar\u0131n\u0131n 24 Mart tarihinde sona erecek ilk tur g\u00f6r\u00fc\u015fmelerinin bitiminde netle\u015fece\u011fini ifade eden de Mistura; sonu\u00e7lar konusunda konu\u015fmak i\u00e7in zaman\u0131n erken oldu\u011funu s\u00f6yledi<\/p>\n","protected":false},"author":1,"featured_media":0,"comment_status":"closed","ping_status":"closed","sticky":false,"template":"","format":"standard","meta":{"footnotes":""},"categories":[17991],"tags":[],"class_list":["post-64824","post","type-post","status-publish","format-standard","","category-son-dakika"],"_links":{"self":[{"href":"https:\/\/archive.sana.sy\/tr\/index.php?rest_route=\/wp\/v2\/posts\/64824","targetHints":{"allow":["GET"]}}],"collection":[{"href":"https:\/\/archive.sana.sy\/tr\/index.php?rest_route=\/wp\/v2\/posts"}],"about":[{"href":"https:\/\/archive.sana.sy\/tr\/index.php?rest_route=\/wp\/v2\/types\/post"}],"author":[{"embeddable":true,"href":"https:\/\/archive.sana.sy\/tr\/index.php?rest_route=\/wp\/v2\/users\/1"}],"replies":[{"embeddable":true,"href":"https:\/\/archive.sana.sy\/tr\/index.php?rest_route=%2Fwp%2Fv2%2Fcomments&post=64824"}],"version-history":[{"count":0,"href":"https:\/\/archive.sana.sy\/tr\/index.php?rest_route=\/wp\/v2\/posts\/64824\/revisions"}],"wp:attachment":[{"href":"https:\/\/archive.sana.sy\/tr\/index.php?rest_route=%2Fwp%2Fv2%2Fmedia&parent=64824"}],"wp:term":[{"taxonomy":"category","embeddable":true,"href":"https:\/\/archive.sana.sy\/tr\/index.php?rest_route=%2Fwp%2Fv2%2Fcategories&post=64824"},{"taxonomy":"post_tag","embeddable":true,"href":"https:\/\/archive.sana.sy\/tr\/index.php?rest_route=%2Fwp%2Fv2%2Ftags&post=64824"}],"curies":[{"name":"wp","href":"https:\/\/api.w.org\/{rel}","templated":true}]}}