{"id":64839,"date":"2016-03-14T15:27:22","date_gmt":"2016-03-14T13:27:22","guid":{"rendered":"http:\/\/www.sana.sy\/tr\/?p=64839"},"modified":"2016-03-14T15:22:24","modified_gmt":"2016-03-14T13:22:24","slug":"caferi-ilgili-tum-kararlar-ve-uzlasmalarin-suriyeliler-arasindaki-diyalog-gorusmelerinde-suriye-muhalefetinin-mumkun-oldugunca-genis-bir-sekilde-temsil-edilmesi-onemine-vurgu-yaptigina-dikkat-cekti","status":"publish","type":"post","link":"https:\/\/archive.sana.sy\/tr\/?p=64839","title":{"rendered":"Caferi ilgili t\u00fcm kararlar ve uzla\u015fmalar\u0131n Suriyeliler aras\u0131ndaki diyalog g\u00f6r\u00fc\u015fmelerinde Suriye muhalefetinin m\u00fcmk\u00fcn oldu\u011funca geni\u015f bir \u015fekilde temsil edilmesi \u00f6nemine vurgu yapt\u0131\u011f\u0131na dikkat \u00e7ekti"},"content":{"rendered":"<p>Caferi ilgili t\u00fcm kararlar ve uzla\u015fmalar\u0131n Suriyeliler aras\u0131ndaki diyalog g\u00f6r\u00fc\u015fmelerinde Suriye muhalefetinin m\u00fcmk\u00fcn oldu\u011funca geni\u015f bir \u015fekilde temsil edilmesi \u00f6nemine vurgu yapt\u0131\u011f\u0131na dikkat \u00e7ekti<\/p>\n","protected":false},"excerpt":{"rendered":"<p>Caferi ilgili t\u00fcm kararlar ve uzla\u015fmalar\u0131n Suriyeliler aras\u0131ndaki diyalog g\u00f6r\u00fc\u015fmelerinde Suriye muhalefetinin m\u00fcmk\u00fcn oldu\u011funca geni\u015f bir \u015fekilde temsil edilmesi \u00f6nemine vurgu yapt\u0131\u011f\u0131na dikkat \u00e7ekti<\/p>\n","protected":false},"author":1,"featured_media":0,"comment_status":"closed","ping_status":"closed","sticky":false,"template":"","format":"standard","meta":{"footnotes":""},"categories":[17991],"tags":[],"class_list":["post-64839","post","type-post","status-publish","format-standard","","category-son-dakika"],"_links":{"self":[{"href":"https:\/\/archive.sana.sy\/tr\/index.php?rest_route=\/wp\/v2\/posts\/64839","targetHints":{"allow":["GET"]}}],"collection":[{"href":"https:\/\/archive.sana.sy\/tr\/index.php?rest_route=\/wp\/v2\/posts"}],"about":[{"href":"https:\/\/archive.sana.sy\/tr\/index.php?rest_route=\/wp\/v2\/types\/post"}],"author":[{"embeddable":true,"href":"https:\/\/archive.sana.sy\/tr\/index.php?rest_route=\/wp\/v2\/users\/1"}],"replies":[{"embeddable":true,"href":"https:\/\/archive.sana.sy\/tr\/index.php?rest_route=%2Fwp%2Fv2%2Fcomments&post=64839"}],"version-history":[{"count":0,"href":"https:\/\/archive.sana.sy\/tr\/index.php?rest_route=\/wp\/v2\/posts\/64839\/revisions"}],"wp:attachment":[{"href":"https:\/\/archive.sana.sy\/tr\/index.php?rest_route=%2Fwp%2Fv2%2Fmedia&parent=64839"}],"wp:term":[{"taxonomy":"category","embeddable":true,"href":"https:\/\/archive.sana.sy\/tr\/index.php?rest_route=%2Fwp%2Fv2%2Fcategories&post=64839"},{"taxonomy":"post_tag","embeddable":true,"href":"https:\/\/archive.sana.sy\/tr\/index.php?rest_route=%2Fwp%2Fv2%2Ftags&post=64839"}],"curies":[{"name":"wp","href":"https:\/\/api.w.org\/{rel}","templated":true}]}}