{"id":64841,"date":"2016-03-14T15:30:49","date_gmt":"2016-03-14T13:30:49","guid":{"rendered":"http:\/\/www.sana.sy\/tr\/?p=64841"},"modified":"2016-03-14T15:24:52","modified_gmt":"2016-03-14T13:24:52","slug":"suriye-heyetinin-diyalog-gorusmelerinde-suriye-halkina-iliskin-sorumluluk-ve-duyarliliktan-hareket-ettigine-ve-edecegine-vurgu-yapan-caferi-bunun-da-suriye-halkinin-heyete-verdigi-bir-nevi-guc-oldugu","status":"publish","type":"post","link":"https:\/\/archive.sana.sy\/tr\/?p=64841","title":{"rendered":"Suriye heyetinin diyalog g\u00f6r\u00fc\u015fmelerinde Suriye halk\u0131na ili\u015fkin sorumluluk ve duyarl\u0131l\u0131ktan hareket etti\u011fine ve edece\u011fine vurgu yapan Caferi; bunun da Suriye halk\u0131n\u0131n heyete verdi\u011fi bir nevi g\u00fc\u00e7 oldu\u011funu belirtti"},"content":{"rendered":"<p>Suriye heyetinin diyalog g\u00f6r\u00fc\u015fmelerinde Suriye halk\u0131na ili\u015fkin sorumluluk ve duyarl\u0131l\u0131ktan hareket etti\u011fine ve edece\u011fine vurgu yapan Caferi; bunun da Suriye halk\u0131n\u0131n heyete verdi\u011fi bir nevi g\u00fc\u00e7 oldu\u011funu belirtti<\/p>\n","protected":false},"excerpt":{"rendered":"<p>Suriye heyetinin diyalog g\u00f6r\u00fc\u015fmelerinde Suriye halk\u0131na ili\u015fkin sorumluluk ve duyarl\u0131l\u0131ktan hareket etti\u011fine ve edece\u011fine vurgu yapan Caferi; bunun da Suriye halk\u0131n\u0131n heyete verdi\u011fi bir nevi g\u00fc\u00e7 oldu\u011funu belirtti<\/p>\n","protected":false},"author":1,"featured_media":0,"comment_status":"closed","ping_status":"closed","sticky":false,"template":"","format":"standard","meta":{"footnotes":""},"categories":[17991],"tags":[],"class_list":["post-64841","post","type-post","status-publish","format-standard","","category-son-dakika"],"_links":{"self":[{"href":"https:\/\/archive.sana.sy\/tr\/index.php?rest_route=\/wp\/v2\/posts\/64841","targetHints":{"allow":["GET"]}}],"collection":[{"href":"https:\/\/archive.sana.sy\/tr\/index.php?rest_route=\/wp\/v2\/posts"}],"about":[{"href":"https:\/\/archive.sana.sy\/tr\/index.php?rest_route=\/wp\/v2\/types\/post"}],"author":[{"embeddable":true,"href":"https:\/\/archive.sana.sy\/tr\/index.php?rest_route=\/wp\/v2\/users\/1"}],"replies":[{"embeddable":true,"href":"https:\/\/archive.sana.sy\/tr\/index.php?rest_route=%2Fwp%2Fv2%2Fcomments&post=64841"}],"version-history":[{"count":0,"href":"https:\/\/archive.sana.sy\/tr\/index.php?rest_route=\/wp\/v2\/posts\/64841\/revisions"}],"wp:attachment":[{"href":"https:\/\/archive.sana.sy\/tr\/index.php?rest_route=%2Fwp%2Fv2%2Fmedia&parent=64841"}],"wp:term":[{"taxonomy":"category","embeddable":true,"href":"https:\/\/archive.sana.sy\/tr\/index.php?rest_route=%2Fwp%2Fv2%2Fcategories&post=64841"},{"taxonomy":"post_tag","embeddable":true,"href":"https:\/\/archive.sana.sy\/tr\/index.php?rest_route=%2Fwp%2Fv2%2Ftags&post=64841"}],"curies":[{"name":"wp","href":"https:\/\/api.w.org\/{rel}","templated":true}]}}