{"id":64884,"date":"2016-03-14T11:32:39","date_gmt":"2016-03-14T09:32:39","guid":{"rendered":"http:\/\/www.sana.sy\/tr\/?p=64884"},"modified":"2016-03-14T16:34:37","modified_gmt":"2016-03-14T14:34:37","slug":"el-sanatlari-ve-folklorun-cocuklara-tanitildigi-festival-duzenleniyor","status":"publish","type":"post","link":"https:\/\/archive.sana.sy\/tr\/?p=64884","title":{"rendered":"El sanatlar\u0131 ve folklorun \u00e7ocuklara tan\u0131t\u0131ld\u0131\u011f\u0131 festival d\u00fczenleniyor"},"content":{"rendered":"<p>El sanatlar\u0131 ve folklorun \u00e7ocuklara tan\u0131t\u0131ld\u0131\u011f\u0131 festival d\u00fczenleniyor<\/p>\n<p>https:\/\/www.youtube.com\/watch?v=uFjuU7TnhIk<\/p>\n","protected":false},"excerpt":{"rendered":"<p>El sanatlar\u0131 ve folklorun \u00e7ocuklara tan\u0131t\u0131ld\u0131\u011f\u0131 festival d\u00fczenleniyor https:\/\/www.youtube.com\/watch?v=uFjuU7TnhIk<\/p>\n","protected":false},"author":1,"featured_media":64885,"comment_status":"closed","ping_status":"closed","sticky":false,"template":"","format":"standard","meta":{"footnotes":""},"categories":[18295],"tags":[],"class_list":["post-64884","post","type-post","status-publish","format-standard","has-post-thumbnail","","category-sana-video"],"_links":{"self":[{"href":"https:\/\/archive.sana.sy\/tr\/index.php?rest_route=\/wp\/v2\/posts\/64884","targetHints":{"allow":["GET"]}}],"collection":[{"href":"https:\/\/archive.sana.sy\/tr\/index.php?rest_route=\/wp\/v2\/posts"}],"about":[{"href":"https:\/\/archive.sana.sy\/tr\/index.php?rest_route=\/wp\/v2\/types\/post"}],"author":[{"embeddable":true,"href":"https:\/\/archive.sana.sy\/tr\/index.php?rest_route=\/wp\/v2\/users\/1"}],"replies":[{"embeddable":true,"href":"https:\/\/archive.sana.sy\/tr\/index.php?rest_route=%2Fwp%2Fv2%2Fcomments&post=64884"}],"version-history":[{"count":0,"href":"https:\/\/archive.sana.sy\/tr\/index.php?rest_route=\/wp\/v2\/posts\/64884\/revisions"}],"wp:featuredmedia":[{"embeddable":true,"href":"https:\/\/archive.sana.sy\/tr\/index.php?rest_route=\/wp\/v2\/media\/64885"}],"wp:attachment":[{"href":"https:\/\/archive.sana.sy\/tr\/index.php?rest_route=%2Fwp%2Fv2%2Fmedia&parent=64884"}],"wp:term":[{"taxonomy":"category","embeddable":true,"href":"https:\/\/archive.sana.sy\/tr\/index.php?rest_route=%2Fwp%2Fv2%2Fcategories&post=64884"},{"taxonomy":"post_tag","embeddable":true,"href":"https:\/\/archive.sana.sy\/tr\/index.php?rest_route=%2Fwp%2Fv2%2Ftags&post=64884"}],"curies":[{"name":"wp","href":"https:\/\/api.w.org\/{rel}","templated":true}]}}