{"id":64912,"date":"2016-03-14T21:04:43","date_gmt":"2016-03-14T19:04:43","guid":{"rendered":"http:\/\/www.sana.sy\/tr\/?p=64912"},"modified":"2016-03-15T16:12:53","modified_gmt":"2016-03-15T14:12:53","slug":"abdnin-anlasmaya-bagli-olduklarini-iddia-ettigi-teroristler-ihlalde-bulundu","status":"publish","type":"post","link":"https:\/\/archive.sana.sy\/tr\/?p=64912","title":{"rendered":"ABD\u2019nin Anla\u015fmaya Ba\u011fl\u0131 Olduklar\u0131n\u0131 \u0130ddia Etti\u011fi Ter\u00f6ristler \u0130hlalde Bulundu"},"content":{"rendered":"<p>MOSKOVA \u2013 Rusya ve ABD\u2019nin plan\u0131 \u00fczerine BMGK\u2019nin 2268 say\u0131l\u0131 kararla onaylad\u0131\u011f\u0131 \u00e7at\u0131\u015fmalar\u0131 durdurma anla\u015fmas\u0131n\u0131n 27 \u015eubat tarihinden beri hayata ge\u00e7irilmesinden bu yana ter\u00f6ristlerin bu anla\u015fmaya bulunduklar\u0131 ihlallerin say\u0131s\u0131 180\u2019e y\u00fckseldi.<\/p>\n<p>Rusya Savunma Bakanl\u0131\u011f\u0131 bug\u00fcn Lazkiye k\u0131rsal\u0131 Hmeymim \u00dcss\u00fcnde bulunan anla\u015fmay\u0131 denetleme ve koordinasyon Rus merkezinin yay\u0131nlad\u0131\u011f\u0131 rapora dayand\u0131rd\u0131\u011f\u0131 b\u00fclteninde ter\u00f6ristlerin son 24 saat i\u00e7inde Lazkiye k\u0131rsal\u0131nda 5, Dera\u2019da 5, Halep\u2019te 2\u2019nin yan\u0131 s\u0131ra \u015eam k\u0131rsal\u0131 ve Hama\u2019da birer olmak \u00fczere toplam 14 kez ihlal kaydettiklerini a\u00e7\u0131klad\u0131.<\/p>\n<p>Rusya Savunma Bakanl\u0131\u011f\u0131 resmi web sitesinde yay\u0131nlad\u0131\u011f\u0131 s\u00f6z konusu b\u00fcltende Hama\u2019da anla\u015fmay\u0131 ihlal eden ter\u00f6ristlerin, ABD\u2019nin s\u00f6z konusu anla\u015fmaya ba\u011fl\u0131 olduklar\u0131n\u0131 iddia ettikleri ter\u00f6r \u00f6rg\u00fctlere tabi olduklar\u0131na dikkat \u00e7ekti.<\/p>\n","protected":false},"excerpt":{"rendered":"<p>MOSKOVA \u2013 Rusya ve ABD\u2019nin plan\u0131 \u00fczerine BMGK\u2019nin 2268 say\u0131l\u0131 kararla onaylad\u0131\u011f\u0131 \u00e7at\u0131\u015fmalar\u0131 durdurma anla\u015fmas\u0131n\u0131n 27 \u015eubat tarihinden beri hayata ge\u00e7irilmesinden bu yana ter\u00f6ristlerin bu anla\u015fmaya bulunduklar\u0131 ihlallerin say\u0131s\u0131 180\u2019e y\u00fckseldi. Rusya Savunma Bakanl\u0131\u011f\u0131 bug\u00fcn Lazkiye k\u0131rsal\u0131 Hmeymim \u00dcss\u00fcnde bulunan anla\u015fmay\u0131 denetleme ve koordinasyon Rus merkezinin yay\u0131nlad\u0131\u011f\u0131 rapora dayand\u0131rd\u0131\u011f\u0131 b\u00fclteninde ter\u00f6ristlerin son 24 saat i\u00e7inde &hellip;<\/p>\n","protected":false},"author":1,"featured_media":64913,"comment_status":"closed","ping_status":"closed","sticky":false,"template":"","format":"standard","meta":{"footnotes":""},"categories":[458,459,17988],"tags":[19838,19839,19840],"class_list":["post-64912","post","type-post","status-publish","format-standard","has-post-thumbnail","","category-dunya1","category-haberler-arap-uluslararasi-politika","category-son-haberler","tag-abdnin-anlasmaya-bagli-olduklarini-iddia-ettigi-teroristler-ihlalde-bulundu","tag-bmgknin-2268-sayili-karar","tag-rus-merkezinin-yayinladigi-rapor"],"_links":{"self":[{"href":"https:\/\/archive.sana.sy\/tr\/index.php?rest_route=\/wp\/v2\/posts\/64912","targetHints":{"allow":["GET"]}}],"collection":[{"href":"https:\/\/archive.sana.sy\/tr\/index.php?rest_route=\/wp\/v2\/posts"}],"about":[{"href":"https:\/\/archive.sana.sy\/tr\/index.php?rest_route=\/wp\/v2\/types\/post"}],"author":[{"embeddable":true,"href":"https:\/\/archive.sana.sy\/tr\/index.php?rest_route=\/wp\/v2\/users\/1"}],"replies":[{"embeddable":true,"href":"https:\/\/archive.sana.sy\/tr\/index.php?rest_route=%2Fwp%2Fv2%2Fcomments&post=64912"}],"version-history":[{"count":0,"href":"https:\/\/archive.sana.sy\/tr\/index.php?rest_route=\/wp\/v2\/posts\/64912\/revisions"}],"wp:featuredmedia":[{"embeddable":true,"href":"https:\/\/archive.sana.sy\/tr\/index.php?rest_route=\/wp\/v2\/media\/64913"}],"wp:attachment":[{"href":"https:\/\/archive.sana.sy\/tr\/index.php?rest_route=%2Fwp%2Fv2%2Fmedia&parent=64912"}],"wp:term":[{"taxonomy":"category","embeddable":true,"href":"https:\/\/archive.sana.sy\/tr\/index.php?rest_route=%2Fwp%2Fv2%2Fcategories&post=64912"},{"taxonomy":"post_tag","embeddable":true,"href":"https:\/\/archive.sana.sy\/tr\/index.php?rest_route=%2Fwp%2Fv2%2Ftags&post=64912"}],"curies":[{"name":"wp","href":"https:\/\/api.w.org\/{rel}","templated":true}]}}