{"id":64915,"date":"2016-03-14T22:35:48","date_gmt":"2016-03-14T20:35:48","guid":{"rendered":"http:\/\/www.sana.sy\/tr\/?p=64915"},"modified":"2016-03-16T11:41:04","modified_gmt":"2016-03-16T09:41:04","slug":"mevcut-saha-surecine-uygun-sekilde-rus-hava-gucleri-sayisi-azaltilacak","status":"publish","type":"post","link":"https:\/\/archive.sana.sy\/tr\/?p=64915","title":{"rendered":"Mevcut Saha S\u00fcrecine Uygun \u015eekilde Rus Hava G\u00fc\u00e7leri Say\u0131s\u0131 Azalt\u0131lacak"},"content":{"rendered":"<p>\u015eAM \u2013 Suriye ordusunun Rus hava g\u00fc\u00e7lerinin i\u015fbirli\u011fi ile ter\u00f6re kar\u015f\u0131 sava\u015fta sa\u011flad\u0131\u011f\u0131 \u00fcst\u00fcn ba\u015far\u0131larla brilkte bir\u00e7ok b\u00f6lgede g\u00fcvenlik ve istikrar\u0131n sa\u011flanmas\u0131n\u0131n yan\u0131 s\u0131ra yurt genelinde ulusal uzla\u015fmalar\u0131n sa\u011fland\u0131\u011f\u0131 alanlar\u0131n yay\u0131lmas\u0131 ard\u0131ndan Cumhurba\u015fkan\u0131 Be\u015f\u015far el Esad bu Rusya Ba\u015fkan\u0131 Vladimir Putin Suriye\u2019de g\u00f6rev yapan Rus hava g\u00fc\u00e7lerinin say\u0131s\u0131n\u0131n azalt\u0131lmas\u0131 \u00fczerine anla\u015ft\u0131.<\/p>\n<p>Esad ve Putin aras\u0131nda bug\u00fcn ger\u00e7ekle\u015fen telefon g\u00f6r\u00fc\u015fmesinde iki taraf Suriye&#8217;de mevcut saha s\u00fcreci \u00e7er\u00e7evesinde Rus hava g\u00fc\u00e7lerinin say\u0131s\u0131n\u0131n azalt\u0131lmas\u0131 ve \u00e7at\u0131\u015fmalar\u0131n durdurulmas\u0131 anla\u015fmas\u0131n\u0131n devam etmesi \u00fczerine anla\u015ft\u0131.<\/p>\n<p>Telefon g\u00f6r\u00fc\u015fmesinde Putin, ter\u00f6rle m\u00fccadelede Rusya&#8217;n\u0131n Suriye&#8217;ye deste\u011fini s\u00fcrd\u00fcrece\u011finin alt\u0131n\u0131 \u00e7izdi.<\/p>\n<p>&nbsp;<\/p>\n","protected":false},"excerpt":{"rendered":"<p>\u015eAM \u2013 Suriye ordusunun Rus hava g\u00fc\u00e7lerinin i\u015fbirli\u011fi ile ter\u00f6re kar\u015f\u0131 sava\u015fta sa\u011flad\u0131\u011f\u0131 \u00fcst\u00fcn ba\u015far\u0131larla brilkte bir\u00e7ok b\u00f6lgede g\u00fcvenlik ve istikrar\u0131n sa\u011flanmas\u0131n\u0131n yan\u0131 s\u0131ra yurt genelinde ulusal uzla\u015fmalar\u0131n sa\u011fland\u0131\u011f\u0131 alanlar\u0131n yay\u0131lmas\u0131 ard\u0131ndan Cumhurba\u015fkan\u0131 Be\u015f\u015far el Esad bu Rusya Ba\u015fkan\u0131 Vladimir Putin Suriye\u2019de g\u00f6rev yapan Rus hava g\u00fc\u00e7lerinin say\u0131s\u0131n\u0131n azalt\u0131lmas\u0131 \u00fczerine anla\u015ft\u0131. Esad ve Putin aras\u0131nda &hellip;<\/p>\n","protected":false},"author":1,"featured_media":64916,"comment_status":"closed","ping_status":"closed","sticky":false,"template":"","format":"standard","meta":{"footnotes":""},"categories":[608,479,605,478],"tags":[19842,19841,19843],"class_list":["post-64915","post","type-post","status-publish","format-standard","has-post-thumbnail","","category-etkinlikler","category-haberler-yerel","category-sayin-cumhurbaskani","category-yerel","tag-esad-ve-putin","tag-mevcut-saha-surecine-uygun-sekilde-rus-hava-gucleri-sayisi-azaltilacak","tag-suriye-ordusunun-rus-hava-guclerinin-isbirligi"],"_links":{"self":[{"href":"https:\/\/archive.sana.sy\/tr\/index.php?rest_route=\/wp\/v2\/posts\/64915","targetHints":{"allow":["GET"]}}],"collection":[{"href":"https:\/\/archive.sana.sy\/tr\/index.php?rest_route=\/wp\/v2\/posts"}],"about":[{"href":"https:\/\/archive.sana.sy\/tr\/index.php?rest_route=\/wp\/v2\/types\/post"}],"author":[{"embeddable":true,"href":"https:\/\/archive.sana.sy\/tr\/index.php?rest_route=\/wp\/v2\/users\/1"}],"replies":[{"embeddable":true,"href":"https:\/\/archive.sana.sy\/tr\/index.php?rest_route=%2Fwp%2Fv2%2Fcomments&post=64915"}],"version-history":[{"count":0,"href":"https:\/\/archive.sana.sy\/tr\/index.php?rest_route=\/wp\/v2\/posts\/64915\/revisions"}],"wp:featuredmedia":[{"embeddable":true,"href":"https:\/\/archive.sana.sy\/tr\/index.php?rest_route=\/wp\/v2\/media\/64916"}],"wp:attachment":[{"href":"https:\/\/archive.sana.sy\/tr\/index.php?rest_route=%2Fwp%2Fv2%2Fmedia&parent=64915"}],"wp:term":[{"taxonomy":"category","embeddable":true,"href":"https:\/\/archive.sana.sy\/tr\/index.php?rest_route=%2Fwp%2Fv2%2Fcategories&post=64915"},{"taxonomy":"post_tag","embeddable":true,"href":"https:\/\/archive.sana.sy\/tr\/index.php?rest_route=%2Fwp%2Fv2%2Ftags&post=64915"}],"curies":[{"name":"wp","href":"https:\/\/api.w.org\/{rel}","templated":true}]}}