{"id":64918,"date":"2016-03-14T22:49:20","date_gmt":"2016-03-14T20:49:20","guid":{"rendered":"http:\/\/www.sana.sy\/tr\/?p=64918"},"modified":"2016-03-14T22:49:20","modified_gmt":"2016-03-14T20:49:20","slug":"suriye-arap-cumhuriyeti-cumhurbaskanligi-yaptigi-aciklamada-esad-ve-putin-arasinda-yapilan-telefon-gorusmesi-ardindan-iki-taraf-arasinda-varilan-anlasmanin-suriye-halkinin-kanlarinin-akitilmasinda-ort","status":"publish","type":"post","link":"https:\/\/archive.sana.sy\/tr\/?p=64918","title":{"rendered":"Suriye Arap Cumhuriyeti Cumhurba\u015fkanl\u0131\u011f\u0131 yapt\u0131\u011f\u0131 a\u00e7\u0131klamada Esad ve Putin aras\u0131nda yap\u0131lan telefon g\u00f6r\u00fc\u015fmesi ard\u0131ndan iki taraf aras\u0131nda var\u0131lan anla\u015fman\u0131n Suriye halk\u0131n\u0131n kanlar\u0131n\u0131n ak\u0131t\u0131lmas\u0131nda ortak olan medya ara\u00e7lar\u0131 taraf\u0131ndan \u00e7arp\u0131t\u0131ld\u0131\u011f\u0131n\u0131 ve kamuoyuna yanl\u0131\u015f aktar\u0131ld\u0131\u011f\u0131n\u0131 belirtti\u200f"},"content":{"rendered":"<p>Suriye Arap Cumhuriyeti Cumhurba\u015fkanl\u0131\u011f\u0131 yapt\u0131\u011f\u0131 a\u00e7\u0131klamada Esad ve Putin aras\u0131nda yap\u0131lan telefon g\u00f6r\u00fc\u015fmesi ard\u0131ndan iki taraf aras\u0131nda var\u0131lan anla\u015fman\u0131n Suriye halk\u0131n\u0131n kanlar\u0131n\u0131n ak\u0131t\u0131lmas\u0131nda ortak olan medya ara\u00e7lar\u0131 taraf\u0131ndan \u00e7arp\u0131t\u0131ld\u0131\u011f\u0131n\u0131 ve kamuoyuna yanl\u0131\u015f aktar\u0131ld\u0131\u011f\u0131n\u0131 belirtti\u200f<\/p>\n","protected":false},"excerpt":{"rendered":"<p>Suriye Arap Cumhuriyeti Cumhurba\u015fkanl\u0131\u011f\u0131 yapt\u0131\u011f\u0131 a\u00e7\u0131klamada Esad ve Putin aras\u0131nda yap\u0131lan telefon g\u00f6r\u00fc\u015fmesi ard\u0131ndan iki taraf aras\u0131nda var\u0131lan anla\u015fman\u0131n Suriye halk\u0131n\u0131n kanlar\u0131n\u0131n ak\u0131t\u0131lmas\u0131nda ortak olan medya ara\u00e7lar\u0131 taraf\u0131ndan \u00e7arp\u0131t\u0131ld\u0131\u011f\u0131n\u0131 ve kamuoyuna yanl\u0131\u015f aktar\u0131ld\u0131\u011f\u0131n\u0131 belirtti\u200f<\/p>\n","protected":false},"author":1,"featured_media":0,"comment_status":"closed","ping_status":"closed","sticky":false,"template":"","format":"standard","meta":{"footnotes":""},"categories":[17991],"tags":[],"class_list":["post-64918","post","type-post","status-publish","format-standard","","category-son-dakika"],"_links":{"self":[{"href":"https:\/\/archive.sana.sy\/tr\/index.php?rest_route=\/wp\/v2\/posts\/64918","targetHints":{"allow":["GET"]}}],"collection":[{"href":"https:\/\/archive.sana.sy\/tr\/index.php?rest_route=\/wp\/v2\/posts"}],"about":[{"href":"https:\/\/archive.sana.sy\/tr\/index.php?rest_route=\/wp\/v2\/types\/post"}],"author":[{"embeddable":true,"href":"https:\/\/archive.sana.sy\/tr\/index.php?rest_route=\/wp\/v2\/users\/1"}],"replies":[{"embeddable":true,"href":"https:\/\/archive.sana.sy\/tr\/index.php?rest_route=%2Fwp%2Fv2%2Fcomments&post=64918"}],"version-history":[{"count":0,"href":"https:\/\/archive.sana.sy\/tr\/index.php?rest_route=\/wp\/v2\/posts\/64918\/revisions"}],"wp:attachment":[{"href":"https:\/\/archive.sana.sy\/tr\/index.php?rest_route=%2Fwp%2Fv2%2Fmedia&parent=64918"}],"wp:term":[{"taxonomy":"category","embeddable":true,"href":"https:\/\/archive.sana.sy\/tr\/index.php?rest_route=%2Fwp%2Fv2%2Fcategories&post=64918"},{"taxonomy":"post_tag","embeddable":true,"href":"https:\/\/archive.sana.sy\/tr\/index.php?rest_route=%2Fwp%2Fv2%2Ftags&post=64918"}],"curies":[{"name":"wp","href":"https:\/\/api.w.org\/{rel}","templated":true}]}}