{"id":6492,"date":"2014-08-04T16:50:56","date_gmt":"2014-08-04T13:50:56","guid":{"rendered":"http:\/\/www.sana.sy\/tr\/?p=6492"},"modified":"2014-08-04T15:44:18","modified_gmt":"2014-08-04T12:44:18","slug":"deraya-16-bin-insani-yardim-paketi-ulastirildi","status":"publish","type":"post","link":"https:\/\/archive.sana.sy\/tr\/?p=6492","title":{"rendered":"Dera\u2019ya 16 Bin \u0130nsani Yard\u0131m Paketi Ula\u015ft\u0131r\u0131ld\u0131"},"content":{"rendered":"<p>DERA \u2013 Dera Valili\u011finde yetkili bir kaynak; Suriye h\u00fck\u00fcmetinin deste\u011fi ile bug\u00fcn g\u0131da ve t\u0131bbi malzemelerden olu\u015fan 16 bin insani yard\u0131m paketi ula\u015ft\u0131r\u0131ld\u0131\u011f\u0131n\u0131 belirtti.<\/p>\n<p>Kaynak s\u00f6z konusu insani yard\u0131mlar\u0131n Suriye Arap K\u0131z\u0131lay \u00d6rg\u00fct\u00fcn\u00fcn yan\u0131 s\u0131ra insani alanlarda g\u00f6rev yapan uluslar aras\u0131 bir\u00e7ok \u00f6rg\u00fct\u00fcn deste\u011fi ile Dera k\u0131rsal\u0131nda 16 k\u00f6y ve beldede ihtiya\u00e7 sahibi ailelere da\u011f\u0131t\u0131laca\u011f\u0131n\u0131 a\u00e7\u0131klad\u0131.<\/p>\n","protected":false},"excerpt":{"rendered":"<p>DERA \u2013 Dera Valili\u011finde yetkili bir kaynak; Suriye h\u00fck\u00fcmetinin deste\u011fi ile bug\u00fcn g\u0131da ve t\u0131bbi malzemelerden olu\u015fan 16 bin insani yard\u0131m paketi ula\u015ft\u0131r\u0131ld\u0131\u011f\u0131n\u0131 belirtti. Kaynak s\u00f6z konusu insani yard\u0131mlar\u0131n Suriye Arap K\u0131z\u0131lay \u00d6rg\u00fct\u00fcn\u00fcn yan\u0131 s\u0131ra insani alanlarda g\u00f6rev yapan uluslar aras\u0131 bir\u00e7ok \u00f6rg\u00fct\u00fcn deste\u011fi ile Dera k\u0131rsal\u0131nda 16 k\u00f6y ve beldede ihtiya\u00e7 sahibi ailelere da\u011f\u0131t\u0131laca\u011f\u0131n\u0131 &hellip;<\/p>\n","protected":false},"author":1,"featured_media":6493,"comment_status":"closed","ping_status":"closed","sticky":false,"template":"","format":"standard","meta":{"footnotes":""},"categories":[479,478],"tags":[1446],"class_list":["post-6492","post","type-post","status-publish","format-standard","has-post-thumbnail","","category-haberler-yerel","category-yerel","tag-deraya-16-bin-insani-yardim-paketi-ulastirildi"],"_links":{"self":[{"href":"https:\/\/archive.sana.sy\/tr\/index.php?rest_route=\/wp\/v2\/posts\/6492","targetHints":{"allow":["GET"]}}],"collection":[{"href":"https:\/\/archive.sana.sy\/tr\/index.php?rest_route=\/wp\/v2\/posts"}],"about":[{"href":"https:\/\/archive.sana.sy\/tr\/index.php?rest_route=\/wp\/v2\/types\/post"}],"author":[{"embeddable":true,"href":"https:\/\/archive.sana.sy\/tr\/index.php?rest_route=\/wp\/v2\/users\/1"}],"replies":[{"embeddable":true,"href":"https:\/\/archive.sana.sy\/tr\/index.php?rest_route=%2Fwp%2Fv2%2Fcomments&post=6492"}],"version-history":[{"count":0,"href":"https:\/\/archive.sana.sy\/tr\/index.php?rest_route=\/wp\/v2\/posts\/6492\/revisions"}],"wp:featuredmedia":[{"embeddable":true,"href":"https:\/\/archive.sana.sy\/tr\/index.php?rest_route=\/wp\/v2\/media\/6493"}],"wp:attachment":[{"href":"https:\/\/archive.sana.sy\/tr\/index.php?rest_route=%2Fwp%2Fv2%2Fmedia&parent=6492"}],"wp:term":[{"taxonomy":"category","embeddable":true,"href":"https:\/\/archive.sana.sy\/tr\/index.php?rest_route=%2Fwp%2Fv2%2Fcategories&post=6492"},{"taxonomy":"post_tag","embeddable":true,"href":"https:\/\/archive.sana.sy\/tr\/index.php?rest_route=%2Fwp%2Fv2%2Ftags&post=6492"}],"curies":[{"name":"wp","href":"https:\/\/api.w.org\/{rel}","templated":true}]}}