{"id":64921,"date":"2016-03-14T21:40:31","date_gmt":"2016-03-14T19:40:31","guid":{"rendered":"http:\/\/sana.sy\/tr\/?p=64921"},"modified":"2016-03-15T11:50:55","modified_gmt":"2016-03-15T09:50:55","slug":"uluslararasi-calisma-orgutu-ile-isbirligini-aktiflestirme-olanaklari-incelendi","status":"publish","type":"post","link":"https:\/\/archive.sana.sy\/tr\/?p=64921","title":{"rendered":"Uluslararas\u0131 \u00c7al\u0131\u015fma \u00d6rg\u00fct\u00fc \u0130le \u0130\u015fbirli\u011fini Aktifle\u015ftirme Olanaklar\u0131 \u0130ncelendi"},"content":{"rendered":"<p>\u015eAM \u2013 \u00c7al\u0131\u015fma Bakan\u0131 Halef el Abdullah bug\u00fcn Uluslararas\u0131 \u00c7al\u0131\u015fma \u00d6rg\u00fct\u00fcn\u00fcn Beyrut\u2019ta bulunan B\u00f6lge Ofisi M\u00fcd\u00fcr\u00fc Frank Hageman ile bir araya gelerek Suriye\u2019de kriz ko\u015fullar\u0131n\u0131n i\u015f\u00e7iler \u00fczerindeki olumsuz etkileri ve iki taraf aras\u0131nda i\u015fbirli\u011fini aktifle\u015ftirme olanaklar\u0131n\u0131 inceledi.<\/p>\n<p>Uluslararas\u0131 \u00c7al\u0131\u015fma \u00d6rg\u00fct\u00fc ile sosyal g\u00fcvence projelerini destekleme ile ilgili teknik i\u015fbirli\u011fi programlar\u0131n\u0131 aktifle\u015ftirme gere\u011fine i\u015faret eden Abdullah, Suriye\u2019de ya\u015fanmakta olan krizin \u00e7al\u0131\u015fma ko\u015fullar\u0131n\u0131 ve i\u015f\u00e7ilere \u00e7ok b\u00fcy\u00fck olumsuzluklar \u015feklinde yans\u0131d\u0131\u011f\u0131n\u0131 beyan etti.<\/p>\n<p>Bakanl\u0131\u011f\u0131n ge\u00e7ti\u011fimiz s\u00fcre\u00e7te \u00fclkedeki \u00e7al\u0131\u015fma ortam\u0131yla ilgili yasalar\u0131 geli\u015ftirmek i\u00e7in bir\u00e7ok faaliyette bulundu\u011funa i\u015faret eden Abdullah, bu faaliyetlerin i\u015f\u00e7i sa\u011fl\u0131\u011f\u0131, i\u015f g\u00fcvenli\u011fi ve i\u015f\u00e7i haklar\u0131 alanlar\u0131nda somut yans\u0131malar yaratt\u0131\u011f\u0131n\u0131 belirtti.<\/p>\n<p>Bilinece\u011fi \u00fczere Suriye 1947 y\u0131l\u0131nda Uluslararas\u0131 \u00c7al\u0131\u015fma \u00d6rg\u00fct\u00fcne kat\u0131lm\u0131\u015f olup 2008-2011 y\u0131llar\u0131 aras\u0131nda \u00f6rg\u00fct ile \u00c7al\u0131\u015fma Bakanl\u0131\u011f\u0131 aras\u0131ndaki i\u015fbirli\u011fi ile \u00e7ok say\u0131da proje uygulanm\u0131\u015ft\u0131.<\/p>\n<p>F.B.<\/p>\n","protected":false},"excerpt":{"rendered":"<p>\u015eAM \u2013 \u00c7al\u0131\u015fma Bakan\u0131 Halef el Abdullah bug\u00fcn Uluslararas\u0131 \u00c7al\u0131\u015fma \u00d6rg\u00fct\u00fcn\u00fcn Beyrut\u2019ta bulunan B\u00f6lge Ofisi M\u00fcd\u00fcr\u00fc Frank Hageman ile bir araya gelerek Suriye\u2019de kriz ko\u015fullar\u0131n\u0131n i\u015f\u00e7iler \u00fczerindeki olumsuz etkileri ve iki taraf aras\u0131nda i\u015fbirli\u011fini aktifle\u015ftirme olanaklar\u0131n\u0131 inceledi. Uluslararas\u0131 \u00c7al\u0131\u015fma \u00d6rg\u00fct\u00fc ile sosyal g\u00fcvence projelerini destekleme ile ilgili teknik i\u015fbirli\u011fi programlar\u0131n\u0131 aktifle\u015ftirme gere\u011fine i\u015faret eden Abdullah, &hellip;<\/p>\n","protected":false},"author":1,"featured_media":64929,"comment_status":"closed","ping_status":"closed","sticky":false,"template":"","format":"standard","meta":{"footnotes":""},"categories":[479,17988,478],"tags":[19849,19850,19848],"class_list":["post-64921","post","type-post","status-publish","format-standard","has-post-thumbnail","","category-haberler-yerel","category-son-haberler","category-yerel","tag-calisma-bakani-halef-el-abdullah","tag-uluslararasi-calisma-orgutu","tag-uluslararasi-calisma-orgutu-ile-isbirligini-aktiflestirme-olanaklari-incelendi"],"_links":{"self":[{"href":"https:\/\/archive.sana.sy\/tr\/index.php?rest_route=\/wp\/v2\/posts\/64921","targetHints":{"allow":["GET"]}}],"collection":[{"href":"https:\/\/archive.sana.sy\/tr\/index.php?rest_route=\/wp\/v2\/posts"}],"about":[{"href":"https:\/\/archive.sana.sy\/tr\/index.php?rest_route=\/wp\/v2\/types\/post"}],"author":[{"embeddable":true,"href":"https:\/\/archive.sana.sy\/tr\/index.php?rest_route=\/wp\/v2\/users\/1"}],"replies":[{"embeddable":true,"href":"https:\/\/archive.sana.sy\/tr\/index.php?rest_route=%2Fwp%2Fv2%2Fcomments&post=64921"}],"version-history":[{"count":0,"href":"https:\/\/archive.sana.sy\/tr\/index.php?rest_route=\/wp\/v2\/posts\/64921\/revisions"}],"wp:featuredmedia":[{"embeddable":true,"href":"https:\/\/archive.sana.sy\/tr\/index.php?rest_route=\/wp\/v2\/media\/64929"}],"wp:attachment":[{"href":"https:\/\/archive.sana.sy\/tr\/index.php?rest_route=%2Fwp%2Fv2%2Fmedia&parent=64921"}],"wp:term":[{"taxonomy":"category","embeddable":true,"href":"https:\/\/archive.sana.sy\/tr\/index.php?rest_route=%2Fwp%2Fv2%2Fcategories&post=64921"},{"taxonomy":"post_tag","embeddable":true,"href":"https:\/\/archive.sana.sy\/tr\/index.php?rest_route=%2Fwp%2Fv2%2Ftags&post=64921"}],"curies":[{"name":"wp","href":"https:\/\/api.w.org\/{rel}","templated":true}]}}