{"id":64926,"date":"2016-03-14T23:30:25","date_gmt":"2016-03-14T21:30:25","guid":{"rendered":"http:\/\/sana.sy\/tr\/?p=64926"},"modified":"2016-03-15T16:12:17","modified_gmt":"2016-03-15T14:12:17","slug":"terorle-mucadele-dost-ve-muttefiklerle-koordinasyon-icinde-azimle-devam-edecek","status":"publish","type":"post","link":"https:\/\/archive.sana.sy\/tr\/?p=64926","title":{"rendered":"Ter\u00f6rle M\u00fccadele Dost ve M\u00fcttefiklerle Koordinasyon \u0130\u00e7inde Azimle Devam Edecek"},"content":{"rendered":"<p>\u015eAM \u2013 Ordu ve Silahl\u0131 Kuvvetler Genel Komutanl\u0131\u011f\u0131 Suriye&#8217;nin her kar\u0131\u015f topra\u011f\u0131nda g\u00fcvenlik ve istikrar\u0131n sa\u011flanmas\u0131na dek ter\u00f6rle m\u00fccadelenin dost ve m\u00fcttefiklerle koordinasyon ve i\u015fbirli\u011fi i\u00e7inde tam bir azim ve kararl\u0131l\u0131kla devam edece\u011fini belirtti.<\/p>\n<p>Genel Komutanl\u0131k bug\u00fcn yay\u0131nlad\u0131\u011f\u0131 ve SANA\u2019n\u0131n bir n\u00fcshas\u0131n\u0131 ald\u0131\u011f\u0131 b\u00fcltende Ordu birliklerimizin \u00f6zellikle Rus hava g\u00fc\u00e7leri ba\u015fta olmak \u00fczere dostlarla i\u015fbirli\u011fi i\u00e7inde ter\u00f6re kar\u015f\u0131 sa\u011flad\u0131\u011f\u0131 zaferler, ter\u00f6r\u00fcn u\u011frat\u0131ld\u0131\u011f\u0131 hezimetler, geni\u015fleyen ulusal uzla\u015fma alanlar\u0131 ve ordunun operasyonlarda kontrol\u00fc tamamen eline ge\u00e7irmesi ard\u0131ndan Rus hava g\u00fc\u00e7lerinin Suriye&#8217;deki say\u0131s\u0131n\u0131n azalt\u0131lmas\u0131 konusunda Suriye ve Rusya aras\u0131nda var\u0131lan anla\u015fman\u0131n gayet normal ve ola\u011fan oldu\u011funu vurgulad\u0131. Genel komutanl\u0131k ordunun Suriye&#8217;nin genelinde giri\u015fimi yeniden eline ge\u00e7irdi\u011fini, ter\u00f6ristlerin ciddi hezimet ard\u0131ndan zay\u0131flad\u0131\u011f\u0131 ve b\u00fcy\u00fck bir k\u0131sm\u0131n\u0131n ka\u00e7t\u0131klar\u0131na dikkat \u00e7ekti.<\/p>\n<p>Dost Rus hava g\u00fc\u00e7lerinin Suriye&#8217;de ter\u00f6re kar\u015f\u0131 sava\u015fta oynad\u0131\u011f\u0131 onur verici rol ve bulunduklar\u0131 \u00f6zverileri \u00f6ven Genel Komutanl\u0131k; I\u015e\u0130D, Nusra Cephesi ve onlara tabi ter\u00f6r \u00f6rg\u00fctlere kar\u015f\u0131 sava\u015f\u0131n dost ve m\u00fcttefiklerin i\u015fbirli\u011fi ve koordinasyonuyla ayn\u0131 h\u0131z ve yo\u011funlukta kararl\u0131kla devam edece\u011finin alt\u0131n\u0131 \u00e7izdi. Genel komutanl\u0131k yurdun her kar\u0131\u015f topra\u011f\u0131nda ter\u00f6r\u00fcn tamamen yok edilmesiyle g\u00fcvenlik ve istikrar\u0131 sa\u011flama m\u00fccadelesinin azim ve kararl\u0131l\u0131kla devam edece\u011fini belirtti.<\/p>\n","protected":false},"excerpt":{"rendered":"<p>\u015eAM \u2013 Ordu ve Silahl\u0131 Kuvvetler Genel Komutanl\u0131\u011f\u0131 Suriye&#8217;nin her kar\u0131\u015f topra\u011f\u0131nda g\u00fcvenlik ve istikrar\u0131n sa\u011flanmas\u0131na dek ter\u00f6rle m\u00fccadelenin dost ve m\u00fcttefiklerle koordinasyon ve i\u015fbirli\u011fi i\u00e7inde tam bir azim ve kararl\u0131l\u0131kla devam edece\u011fini belirtti. Genel Komutanl\u0131k bug\u00fcn yay\u0131nlad\u0131\u011f\u0131 ve SANA\u2019n\u0131n bir n\u00fcshas\u0131n\u0131 ald\u0131\u011f\u0131 b\u00fcltende Ordu birliklerimizin \u00f6zellikle Rus hava g\u00fc\u00e7leri ba\u015fta olmak \u00fczere dostlarla i\u015fbirli\u011fi &hellip;<\/p>\n","protected":false},"author":1,"featured_media":59800,"comment_status":"closed","ping_status":"closed","sticky":false,"template":"","format":"standard","meta":{"footnotes":""},"categories":[479,17988,478],"tags":[2770,19847],"class_list":["post-64926","post","type-post","status-publish","format-standard","has-post-thumbnail","","category-haberler-yerel","category-son-haberler","category-yerel","tag-ordu-ve-silahli-kuvvetler-genel-komutanligi","tag-terorle-mucadele-dost-ve-muttefiklerle-koordinasyon-icinde-azimle-devam-edecek"],"_links":{"self":[{"href":"https:\/\/archive.sana.sy\/tr\/index.php?rest_route=\/wp\/v2\/posts\/64926","targetHints":{"allow":["GET"]}}],"collection":[{"href":"https:\/\/archive.sana.sy\/tr\/index.php?rest_route=\/wp\/v2\/posts"}],"about":[{"href":"https:\/\/archive.sana.sy\/tr\/index.php?rest_route=\/wp\/v2\/types\/post"}],"author":[{"embeddable":true,"href":"https:\/\/archive.sana.sy\/tr\/index.php?rest_route=\/wp\/v2\/users\/1"}],"replies":[{"embeddable":true,"href":"https:\/\/archive.sana.sy\/tr\/index.php?rest_route=%2Fwp%2Fv2%2Fcomments&post=64926"}],"version-history":[{"count":0,"href":"https:\/\/archive.sana.sy\/tr\/index.php?rest_route=\/wp\/v2\/posts\/64926\/revisions"}],"wp:featuredmedia":[{"embeddable":true,"href":"https:\/\/archive.sana.sy\/tr\/index.php?rest_route=\/wp\/v2\/media\/59800"}],"wp:attachment":[{"href":"https:\/\/archive.sana.sy\/tr\/index.php?rest_route=%2Fwp%2Fv2%2Fmedia&parent=64926"}],"wp:term":[{"taxonomy":"category","embeddable":true,"href":"https:\/\/archive.sana.sy\/tr\/index.php?rest_route=%2Fwp%2Fv2%2Fcategories&post=64926"},{"taxonomy":"post_tag","embeddable":true,"href":"https:\/\/archive.sana.sy\/tr\/index.php?rest_route=%2Fwp%2Fv2%2Ftags&post=64926"}],"curies":[{"name":"wp","href":"https:\/\/api.w.org\/{rel}","templated":true}]}}