{"id":64928,"date":"2016-03-14T23:01:19","date_gmt":"2016-03-14T21:01:19","guid":{"rendered":"http:\/\/sana.sy\/tr\/?p=64928"},"modified":"2016-03-15T16:12:23","modified_gmt":"2016-03-15T14:12:23","slug":"zoubi-suriye-ve-rusya-arasindaki-koordinasyon-en-ust-duzeyde-devam-ediyor","status":"publish","type":"post","link":"https:\/\/archive.sana.sy\/tr\/?p=64928","title":{"rendered":"Zoubi: Suriye ve Rusya Aras\u0131ndaki Koordinasyon En \u00dcst D\u00fczeyde Devam Ediyor"},"content":{"rendered":"<p>\u015eAM \u2013 Enformasyon Bakan\u0131 Omran el Zoubi, ter\u00f6rle m\u00fccadele alan\u0131nda Suriye ile Rusya aras\u0131ndaki koordinasyonun kar\u015f\u0131l\u0131kl\u0131 g\u00fcven \u00e7er\u00e7evesinde en \u00fcst d\u00fczeyde devam etti\u011fini dile getirdi.<\/p>\n<p>Bu ak\u015fam Suriye Televizyonunda yay\u0131nlanan bir programa canl\u0131 telefon ba\u011flant\u0131s\u0131 ile kat\u0131lan Zoubi, Rusya\u2019n\u0131n Suriye\u2019de bulunan Hava Kuvvetlerini azaltmas\u0131 ile ilgili anla\u015fmaya ili\u015fkin a\u00e7\u0131klamalarda bulundu.<\/p>\n<p>Rusya\u2019n\u0131n ter\u00f6re kar\u015f\u0131 m\u00fccadelede i\u015fbirli\u011finde tam ve kesin bir kararl\u0131l\u0131k i\u00e7erisinde oldu\u011funu ifade eden Zoubi, Suriye Arap Ordusu birliklerinin ter\u00f6re kar\u015f\u0131 b\u00fcy\u00fck bir ilerleme sa\u011flad\u0131\u011f\u0131na ve bir\u00e7ok b\u00f6lgede hakimiyet ve \u00fcst\u00fcnl\u00fc\u011f\u00fc ele ge\u00e7irdi\u011fine dikkat \u00e7ekerek buna ba\u011fl\u0131 olarak yerel alanda ulusal uzla\u015fma faaliyetlerinin etkinle\u015fti\u011fini vurgulad\u0131.<\/p>\n<p>\u00dclkede ter\u00f6re kar\u015f\u0131 m\u00fccadelede sa\u011flanan ba\u015far\u0131lar ve Rusya Ordusunun kendi de\u011ferlendirmeleri sonucunda Rus Hava Kuvvetlerinin azalt\u0131lmas\u0131 karar\u0131na ula\u015f\u0131lm\u0131\u015f oldu\u011funu ifade eden Zoubi, Rusya\u2019n\u0131n Suriye ile siyasi ve askeri koordinasyonu s\u00fcrd\u00fcrme konusundaki kararl\u0131l\u0131\u011f\u0131n\u0131n kati bir \u015fekilde devam etti\u011fini vurgulad\u0131.<\/p>\n<p>Ter\u00f6re kar\u015f\u0131 m\u00fccadelede hi\u00e7bir taviz verilmeyece\u011finin alt\u0131n\u0131 \u00e7izen Zoubi, Rusya\u2019n\u0131n da bu m\u00fccadele i\u00e7erisindeki konumu ve kararl\u0131l\u0131\u011f\u0131nda hi\u00e7bir de\u011fi\u015fiklik olmad\u0131\u011f\u0131n\u0131 vurgulad\u0131.<\/p>\n<p>F.B.<\/p>\n","protected":false},"excerpt":{"rendered":"<p>\u015eAM \u2013 Enformasyon Bakan\u0131 Omran el Zoubi, ter\u00f6rle m\u00fccadele alan\u0131nda Suriye ile Rusya aras\u0131ndaki koordinasyonun kar\u015f\u0131l\u0131kl\u0131 g\u00fcven \u00e7er\u00e7evesinde en \u00fcst d\u00fczeyde devam etti\u011fini dile getirdi. Bu ak\u015fam Suriye Televizyonunda yay\u0131nlanan bir programa canl\u0131 telefon ba\u011flant\u0131s\u0131 ile kat\u0131lan Zoubi, Rusya\u2019n\u0131n Suriye\u2019de bulunan Hava Kuvvetlerini azaltmas\u0131 ile ilgili anla\u015fmaya ili\u015fkin a\u00e7\u0131klamalarda bulundu. Rusya\u2019n\u0131n ter\u00f6re kar\u015f\u0131 m\u00fccadelede i\u015fbirli\u011finde &hellip;<\/p>\n","protected":false},"author":1,"featured_media":64932,"comment_status":"closed","ping_status":"closed","sticky":false,"template":"","format":"standard","meta":{"footnotes":""},"categories":[479,17988,478],"tags":[17124,19851],"class_list":["post-64928","post","type-post","status-publish","format-standard","has-post-thumbnail","","category-haberler-yerel","category-son-haberler","category-yerel","tag-enformasyon-bakani-omran-el-zoubi","tag-zoubi-suriye-ve-rusya-arasindaki-koordinasyon-en-ust-duzeyde-devam-ediyor"],"_links":{"self":[{"href":"https:\/\/archive.sana.sy\/tr\/index.php?rest_route=\/wp\/v2\/posts\/64928","targetHints":{"allow":["GET"]}}],"collection":[{"href":"https:\/\/archive.sana.sy\/tr\/index.php?rest_route=\/wp\/v2\/posts"}],"about":[{"href":"https:\/\/archive.sana.sy\/tr\/index.php?rest_route=\/wp\/v2\/types\/post"}],"author":[{"embeddable":true,"href":"https:\/\/archive.sana.sy\/tr\/index.php?rest_route=\/wp\/v2\/users\/1"}],"replies":[{"embeddable":true,"href":"https:\/\/archive.sana.sy\/tr\/index.php?rest_route=%2Fwp%2Fv2%2Fcomments&post=64928"}],"version-history":[{"count":0,"href":"https:\/\/archive.sana.sy\/tr\/index.php?rest_route=\/wp\/v2\/posts\/64928\/revisions"}],"wp:featuredmedia":[{"embeddable":true,"href":"https:\/\/archive.sana.sy\/tr\/index.php?rest_route=\/wp\/v2\/media\/64932"}],"wp:attachment":[{"href":"https:\/\/archive.sana.sy\/tr\/index.php?rest_route=%2Fwp%2Fv2%2Fmedia&parent=64928"}],"wp:term":[{"taxonomy":"category","embeddable":true,"href":"https:\/\/archive.sana.sy\/tr\/index.php?rest_route=%2Fwp%2Fv2%2Fcategories&post=64928"},{"taxonomy":"post_tag","embeddable":true,"href":"https:\/\/archive.sana.sy\/tr\/index.php?rest_route=%2Fwp%2Fv2%2Ftags&post=64928"}],"curies":[{"name":"wp","href":"https:\/\/api.w.org\/{rel}","templated":true}]}}