{"id":64941,"date":"2016-03-15T10:00:59","date_gmt":"2016-03-15T08:00:59","guid":{"rendered":"http:\/\/sana.sy\/tr\/?p=64941"},"modified":"2016-03-15T12:35:56","modified_gmt":"2016-03-15T10:35:56","slug":"onlara-karsi-tutum-birligini-gosteriyor","status":"publish","type":"post","link":"https:\/\/archive.sana.sy\/tr\/?p=64941","title":{"rendered":"Onlara kar\u015f\u0131 Tutum Birli\u011fini G\u00f6steriyor"},"content":{"rendered":"<p>CANBERRA \u2013 \u0130ran D\u0131\u015fi\u015fleri Bakan\u0131 Muhammed Cevat Zarif Rusya&#8217;n\u0131n Suriye&#8217;deki g\u00fc\u00e7lerinin say\u0131s\u0131n\u0131 azaltma karar\u0131n\u0131n, Suriye&#8217;de \u00e7at\u0131\u015fmalar\u0131n durdurulmas\u0131 y\u00f6n\u00fcnde olumlu bir g\u00f6sterge oldu\u011funa dikkat \u00e7ekti.<\/p>\n<p>Canberra\u2019da Avustralyal\u0131 mevkida\u015f\u0131 Julie Bishop ile temaslar\u0131nda Zarif Suriye&#8217;de \u00e7at\u0131\u015fmalar\u0131 durdurma anla\u015fmas\u0131n\u0131n devam etmesi gere\u011fine dikkat \u00e7ekerken, \u00fclkedeki krizin siyasi \u00e7\u00f6z\u00fcm\u00fcnde bunun \u00f6nemine vurgu yapt\u0131.<\/p>\n<p>Zarif I\u015e\u0130D ve Nusra Cephesinin \u00e7at\u0131\u015fmalar\u0131 durdurma anla\u015fmas\u0131ndan istisna tutulmalar\u0131n\u0131n, t\u00fcm d\u00fcnyan\u0131n bu iki ter\u00f6r \u00f6rg\u00fct\u00fcne kar\u015f\u0131 tutum birli\u011fini yans\u0131tt\u0131\u011f\u0131na dikkat \u00e7ekti.<\/p>\n","protected":false},"excerpt":{"rendered":"<p>CANBERRA \u2013 \u0130ran D\u0131\u015fi\u015fleri Bakan\u0131 Muhammed Cevat Zarif Rusya&#8217;n\u0131n Suriye&#8217;deki g\u00fc\u00e7lerinin say\u0131s\u0131n\u0131 azaltma karar\u0131n\u0131n, Suriye&#8217;de \u00e7at\u0131\u015fmalar\u0131n durdurulmas\u0131 y\u00f6n\u00fcnde olumlu bir g\u00f6sterge oldu\u011funa dikkat \u00e7ekti. Canberra\u2019da Avustralyal\u0131 mevkida\u015f\u0131 Julie Bishop ile temaslar\u0131nda Zarif Suriye&#8217;de \u00e7at\u0131\u015fmalar\u0131 durdurma anla\u015fmas\u0131n\u0131n devam etmesi gere\u011fine dikkat \u00e7ekerken, \u00fclkedeki krizin siyasi \u00e7\u00f6z\u00fcm\u00fcnde bunun \u00f6nemine vurgu yapt\u0131. Zarif I\u015e\u0130D ve Nusra Cephesinin \u00e7at\u0131\u015fmalar\u0131 &hellip;<\/p>\n","protected":false},"author":1,"featured_media":64945,"comment_status":"closed","ping_status":"closed","sticky":false,"template":"","format":"standard","meta":{"footnotes":""},"categories":[458,459,17988],"tags":[16943,19856],"class_list":["post-64941","post","type-post","status-publish","format-standard","has-post-thumbnail","","category-dunya1","category-haberler-arap-uluslararasi-politika","category-son-haberler","tag-iran-disisleri-bakani-muhammed-cevat-zarif","tag-onlara-karsi-tutum-birligini-gosteriyor"],"_links":{"self":[{"href":"https:\/\/archive.sana.sy\/tr\/index.php?rest_route=\/wp\/v2\/posts\/64941","targetHints":{"allow":["GET"]}}],"collection":[{"href":"https:\/\/archive.sana.sy\/tr\/index.php?rest_route=\/wp\/v2\/posts"}],"about":[{"href":"https:\/\/archive.sana.sy\/tr\/index.php?rest_route=\/wp\/v2\/types\/post"}],"author":[{"embeddable":true,"href":"https:\/\/archive.sana.sy\/tr\/index.php?rest_route=\/wp\/v2\/users\/1"}],"replies":[{"embeddable":true,"href":"https:\/\/archive.sana.sy\/tr\/index.php?rest_route=%2Fwp%2Fv2%2Fcomments&post=64941"}],"version-history":[{"count":0,"href":"https:\/\/archive.sana.sy\/tr\/index.php?rest_route=\/wp\/v2\/posts\/64941\/revisions"}],"wp:featuredmedia":[{"embeddable":true,"href":"https:\/\/archive.sana.sy\/tr\/index.php?rest_route=\/wp\/v2\/media\/64945"}],"wp:attachment":[{"href":"https:\/\/archive.sana.sy\/tr\/index.php?rest_route=%2Fwp%2Fv2%2Fmedia&parent=64941"}],"wp:term":[{"taxonomy":"category","embeddable":true,"href":"https:\/\/archive.sana.sy\/tr\/index.php?rest_route=%2Fwp%2Fv2%2Fcategories&post=64941"},{"taxonomy":"post_tag","embeddable":true,"href":"https:\/\/archive.sana.sy\/tr\/index.php?rest_route=%2Fwp%2Fv2%2Ftags&post=64941"}],"curies":[{"name":"wp","href":"https:\/\/api.w.org\/{rel}","templated":true}]}}