{"id":64944,"date":"2016-03-15T12:00:06","date_gmt":"2016-03-15T10:00:06","guid":{"rendered":"http:\/\/sana.sy\/tr\/?p=64944"},"modified":"2016-03-15T12:49:34","modified_gmt":"2016-03-15T10:49:34","slug":"mikdat-rusyanin-suriyedeki-guclerinin-sayisini-azaltma-kararinin-terore-karsi-ortak-savasta-onemli-basarilarin-saglanmasi-ardindan-suriye-ile-siki-koordinasyon-cercevesinde-aldigina-dikkat-cekti","status":"publish","type":"post","link":"https:\/\/archive.sana.sy\/tr\/?p=64944","title":{"rendered":"Mikdat Rusya&#8217;n\u0131n Suriye&#8217;deki g\u00fc\u00e7lerinin say\u0131s\u0131n\u0131 azaltma karar\u0131n\u0131n, ter\u00f6re kar\u015f\u0131 ortak sava\u015fta \u00f6nemli ba\u015far\u0131lar\u0131n sa\u011flanmas\u0131 ard\u0131ndan Suriye ile s\u0131k\u0131 koordinasyon \u00e7er\u00e7evesinde ald\u0131\u011f\u0131na dikkat \u00e7ekti"},"content":{"rendered":"<p>Mikdat Rusya&#8217;n\u0131n Suriye&#8217;deki g\u00fc\u00e7lerinin say\u0131s\u0131n\u0131 azaltma karar\u0131n\u0131n, ter\u00f6re kar\u015f\u0131 ortak sava\u015fta \u00f6nemli ba\u015far\u0131lar\u0131n sa\u011flanmas\u0131 ard\u0131ndan Suriye ile s\u0131k\u0131 koordinasyon \u00e7er\u00e7evesinde ald\u0131\u011f\u0131na dikkat \u00e7ekti<\/p>\n","protected":false},"excerpt":{"rendered":"<p>Mikdat Rusya&#8217;n\u0131n Suriye&#8217;deki g\u00fc\u00e7lerinin say\u0131s\u0131n\u0131 azaltma karar\u0131n\u0131n, ter\u00f6re kar\u015f\u0131 ortak sava\u015fta \u00f6nemli ba\u015far\u0131lar\u0131n sa\u011flanmas\u0131 ard\u0131ndan Suriye ile s\u0131k\u0131 koordinasyon \u00e7er\u00e7evesinde ald\u0131\u011f\u0131na dikkat \u00e7ekti<\/p>\n","protected":false},"author":1,"featured_media":0,"comment_status":"closed","ping_status":"closed","sticky":false,"template":"","format":"standard","meta":{"footnotes":""},"categories":[17991],"tags":[],"class_list":["post-64944","post","type-post","status-publish","format-standard","","category-son-dakika"],"_links":{"self":[{"href":"https:\/\/archive.sana.sy\/tr\/index.php?rest_route=\/wp\/v2\/posts\/64944","targetHints":{"allow":["GET"]}}],"collection":[{"href":"https:\/\/archive.sana.sy\/tr\/index.php?rest_route=\/wp\/v2\/posts"}],"about":[{"href":"https:\/\/archive.sana.sy\/tr\/index.php?rest_route=\/wp\/v2\/types\/post"}],"author":[{"embeddable":true,"href":"https:\/\/archive.sana.sy\/tr\/index.php?rest_route=\/wp\/v2\/users\/1"}],"replies":[{"embeddable":true,"href":"https:\/\/archive.sana.sy\/tr\/index.php?rest_route=%2Fwp%2Fv2%2Fcomments&post=64944"}],"version-history":[{"count":0,"href":"https:\/\/archive.sana.sy\/tr\/index.php?rest_route=\/wp\/v2\/posts\/64944\/revisions"}],"wp:attachment":[{"href":"https:\/\/archive.sana.sy\/tr\/index.php?rest_route=%2Fwp%2Fv2%2Fmedia&parent=64944"}],"wp:term":[{"taxonomy":"category","embeddable":true,"href":"https:\/\/archive.sana.sy\/tr\/index.php?rest_route=%2Fwp%2Fv2%2Fcategories&post=64944"},{"taxonomy":"post_tag","embeddable":true,"href":"https:\/\/archive.sana.sy\/tr\/index.php?rest_route=%2Fwp%2Fv2%2Ftags&post=64944"}],"curies":[{"name":"wp","href":"https:\/\/api.w.org\/{rel}","templated":true}]}}