{"id":64947,"date":"2016-03-15T12:45:13","date_gmt":"2016-03-15T10:45:13","guid":{"rendered":"http:\/\/sana.sy\/tr\/?p=64947"},"modified":"2016-03-15T12:45:13","modified_gmt":"2016-03-15T10:45:13","slug":"rusya-savunma-bakanligi-suriyede-teror-mevkilerini-hedef-alan-hava-operasyonlarimizi-surdurecegiz","status":"publish","type":"post","link":"https:\/\/archive.sana.sy\/tr\/?p=64947","title":{"rendered":"Rusya Savunma Bakanl\u0131\u011f\u0131: Suriye&#8217;de ter\u00f6r mevkilerini hedef alan hava operasyonlar\u0131m\u0131z\u0131 s\u00fcrd\u00fcrece\u011fiz"},"content":{"rendered":"<p>Rusya Savunma Bakanl\u0131\u011f\u0131: Suriye&#8217;de ter\u00f6r mevkilerini hedef alan hava operasyonlar\u0131m\u0131z\u0131 s\u00fcrd\u00fcrece\u011fiz<\/p>\n","protected":false},"excerpt":{"rendered":"<p>Rusya Savunma Bakanl\u0131\u011f\u0131: Suriye&#8217;de ter\u00f6r mevkilerini hedef alan hava operasyonlar\u0131m\u0131z\u0131 s\u00fcrd\u00fcrece\u011fiz<\/p>\n","protected":false},"author":1,"featured_media":0,"comment_status":"closed","ping_status":"closed","sticky":false,"template":"","format":"standard","meta":{"footnotes":""},"categories":[17991],"tags":[],"class_list":["post-64947","post","type-post","status-publish","format-standard","","category-son-dakika"],"_links":{"self":[{"href":"https:\/\/archive.sana.sy\/tr\/index.php?rest_route=\/wp\/v2\/posts\/64947","targetHints":{"allow":["GET"]}}],"collection":[{"href":"https:\/\/archive.sana.sy\/tr\/index.php?rest_route=\/wp\/v2\/posts"}],"about":[{"href":"https:\/\/archive.sana.sy\/tr\/index.php?rest_route=\/wp\/v2\/types\/post"}],"author":[{"embeddable":true,"href":"https:\/\/archive.sana.sy\/tr\/index.php?rest_route=\/wp\/v2\/users\/1"}],"replies":[{"embeddable":true,"href":"https:\/\/archive.sana.sy\/tr\/index.php?rest_route=%2Fwp%2Fv2%2Fcomments&post=64947"}],"version-history":[{"count":0,"href":"https:\/\/archive.sana.sy\/tr\/index.php?rest_route=\/wp\/v2\/posts\/64947\/revisions"}],"wp:attachment":[{"href":"https:\/\/archive.sana.sy\/tr\/index.php?rest_route=%2Fwp%2Fv2%2Fmedia&parent=64947"}],"wp:term":[{"taxonomy":"category","embeddable":true,"href":"https:\/\/archive.sana.sy\/tr\/index.php?rest_route=%2Fwp%2Fv2%2Fcategories&post=64947"},{"taxonomy":"post_tag","embeddable":true,"href":"https:\/\/archive.sana.sy\/tr\/index.php?rest_route=%2Fwp%2Fv2%2Ftags&post=64947"}],"curies":[{"name":"wp","href":"https:\/\/api.w.org\/{rel}","templated":true}]}}