{"id":64949,"date":"2016-03-15T12:05:19","date_gmt":"2016-03-15T10:05:19","guid":{"rendered":"http:\/\/sana.sy\/tr\/?p=64949"},"modified":"2016-03-15T12:51:33","modified_gmt":"2016-03-15T10:51:33","slug":"iran-sura-meclisi-baskani-laricani-iranin-terore-karsi-mucadelesinde-suriye-ve-halkina-tam-destegini-surdureceginin-altini-bir-kez-daha-cizerken-zaferin-suriye-halki-ve-muttefiklerinin-zaf","status":"publish","type":"post","link":"https:\/\/archive.sana.sy\/tr\/?p=64949","title":{"rendered":"\u0130ran \u015eura Meclisi Ba\u015fkan\u0131 Laricani \u0130ran\u2019\u0131n, ter\u00f6re kar\u015f\u0131 m\u00fccadelesinde Suriye ve halk\u0131na tam deste\u011fini s\u00fcrd\u00fcrece\u011finin alt\u0131n\u0131 bir kez daha \u00e7izerken, zaferin Suriye, halk\u0131 ve m\u00fcttefiklerinin zaferi olaca\u011f\u0131na mutlak inanc\u0131n\u0131 ifade etti"},"content":{"rendered":"<p>\u0130ran \u015eura Meclisi Ba\u015fkan\u0131 Laricani \u0130ran\u2019\u0131n, ter\u00f6re kar\u015f\u0131 m\u00fccadelesinde Suriye ve halk\u0131na tam deste\u011fini s\u00fcrd\u00fcrece\u011finin alt\u0131n\u0131 bir kez daha \u00e7izerken, zaferin Suriye, halk\u0131 ve m\u00fcttefiklerinin zaferi olaca\u011f\u0131na mutlak inanc\u0131n\u0131 ifade etti<\/p>\n","protected":false},"excerpt":{"rendered":"<p>\u0130ran \u015eura Meclisi Ba\u015fkan\u0131 Laricani \u0130ran\u2019\u0131n, ter\u00f6re kar\u015f\u0131 m\u00fccadelesinde Suriye ve halk\u0131na tam deste\u011fini s\u00fcrd\u00fcrece\u011finin alt\u0131n\u0131 bir kez daha \u00e7izerken, zaferin Suriye, halk\u0131 ve m\u00fcttefiklerinin zaferi olaca\u011f\u0131na mutlak inanc\u0131n\u0131 ifade etti<\/p>\n","protected":false},"author":1,"featured_media":0,"comment_status":"closed","ping_status":"closed","sticky":false,"template":"","format":"standard","meta":{"footnotes":""},"categories":[17991],"tags":[],"class_list":["post-64949","post","type-post","status-publish","format-standard","","category-son-dakika"],"_links":{"self":[{"href":"https:\/\/archive.sana.sy\/tr\/index.php?rest_route=\/wp\/v2\/posts\/64949","targetHints":{"allow":["GET"]}}],"collection":[{"href":"https:\/\/archive.sana.sy\/tr\/index.php?rest_route=\/wp\/v2\/posts"}],"about":[{"href":"https:\/\/archive.sana.sy\/tr\/index.php?rest_route=\/wp\/v2\/types\/post"}],"author":[{"embeddable":true,"href":"https:\/\/archive.sana.sy\/tr\/index.php?rest_route=\/wp\/v2\/users\/1"}],"replies":[{"embeddable":true,"href":"https:\/\/archive.sana.sy\/tr\/index.php?rest_route=%2Fwp%2Fv2%2Fcomments&post=64949"}],"version-history":[{"count":0,"href":"https:\/\/archive.sana.sy\/tr\/index.php?rest_route=\/wp\/v2\/posts\/64949\/revisions"}],"wp:attachment":[{"href":"https:\/\/archive.sana.sy\/tr\/index.php?rest_route=%2Fwp%2Fv2%2Fmedia&parent=64949"}],"wp:term":[{"taxonomy":"category","embeddable":true,"href":"https:\/\/archive.sana.sy\/tr\/index.php?rest_route=%2Fwp%2Fv2%2Fcategories&post=64949"},{"taxonomy":"post_tag","embeddable":true,"href":"https:\/\/archive.sana.sy\/tr\/index.php?rest_route=%2Fwp%2Fv2%2Ftags&post=64949"}],"curies":[{"name":"wp","href":"https:\/\/api.w.org\/{rel}","templated":true}]}}