{"id":64951,"date":"2016-03-15T12:53:12","date_gmt":"2016-03-15T10:53:12","guid":{"rendered":"http:\/\/sana.sy\/tr\/?p=64951"},"modified":"2016-03-17T12:03:32","modified_gmt":"2016-03-17T10:03:32","slug":"zafer-suriyenin-zaferi-olacak","status":"publish","type":"post","link":"https:\/\/archive.sana.sy\/tr\/?p=64951","title":{"rendered":"Zafer Suriye&#8217;nin Zaferi Olacak"},"content":{"rendered":"<p>TAHRAN \u2013 Tahran\u2019da temaslarda bulunan D\u0131\u015fi\u015fleri ve Gurbet\u00e7iler Bakan\u0131 Yard\u0131mc\u0131s\u0131 Faysal Mikdat bug\u00fcn \u0130ran \u015eura Meclisi Ba\u015fkan\u0131 Ali Laricani ile bir araya geldi.<\/p>\n<p>G\u00f6r\u00fc\u015fmede Mikdat Rusya&#8217;n\u0131n Suriye&#8217;deki g\u00fc\u00e7lerinin say\u0131s\u0131n\u0131 azaltma karar\u0131n\u0131n, ter\u00f6re kar\u015f\u0131 ortak sava\u015fta \u00f6nemli ba\u015far\u0131lar\u0131n sa\u011flanmas\u0131 ard\u0131ndan Suriye ile s\u0131k\u0131 koordinasyon \u00e7er\u00e7evesinde ald\u0131\u011f\u0131na dikkat \u00e7ekti.<\/p>\n<p>\u0130ran \u015eura Meclisi Ba\u015fkan\u0131 Laricani \u0130ran\u2019\u0131n, ter\u00f6re kar\u015f\u0131 m\u00fccadelesinde Suriye ve halk\u0131na tam deste\u011fini s\u00fcrd\u00fcrece\u011finin alt\u0131n\u0131 bir kez daha \u00e7izerken, zaferin Suriye, halk\u0131 ve m\u00fcttefiklerinin zaferi olaca\u011f\u0131na mutlak inanc\u0131n\u0131 ifade etti.<\/p>\n","protected":false},"excerpt":{"rendered":"<p>TAHRAN \u2013 Tahran\u2019da temaslarda bulunan D\u0131\u015fi\u015fleri ve Gurbet\u00e7iler Bakan\u0131 Yard\u0131mc\u0131s\u0131 Faysal Mikdat bug\u00fcn \u0130ran \u015eura Meclisi Ba\u015fkan\u0131 Ali Laricani ile bir araya geldi. G\u00f6r\u00fc\u015fmede Mikdat Rusya&#8217;n\u0131n Suriye&#8217;deki g\u00fc\u00e7lerinin say\u0131s\u0131n\u0131 azaltma karar\u0131n\u0131n, ter\u00f6re kar\u015f\u0131 ortak sava\u015fta \u00f6nemli ba\u015far\u0131lar\u0131n sa\u011flanmas\u0131 ard\u0131ndan Suriye ile s\u0131k\u0131 koordinasyon \u00e7er\u00e7evesinde ald\u0131\u011f\u0131na dikkat \u00e7ekti. \u0130ran \u015eura Meclisi Ba\u015fkan\u0131 Laricani \u0130ran\u2019\u0131n, ter\u00f6re kar\u015f\u0131 &hellip;<\/p>\n","protected":false},"author":1,"featured_media":64954,"comment_status":"closed","ping_status":"closed","sticky":false,"template":"","format":"standard","meta":{"footnotes":""},"categories":[458,459,17988],"tags":[6654,8241,19857],"class_list":["post-64951","post","type-post","status-publish","format-standard","has-post-thumbnail","","category-dunya1","category-haberler-arap-uluslararasi-politika","category-son-haberler","tag-disisleri-ve-gurbetciler-bakani-yardimcisi-faysal-mikdat","tag-iran-sura-meclisi-baskani-ali-laricani","tag-zafer-suriyenin-zaferi-olacak"],"_links":{"self":[{"href":"https:\/\/archive.sana.sy\/tr\/index.php?rest_route=\/wp\/v2\/posts\/64951","targetHints":{"allow":["GET"]}}],"collection":[{"href":"https:\/\/archive.sana.sy\/tr\/index.php?rest_route=\/wp\/v2\/posts"}],"about":[{"href":"https:\/\/archive.sana.sy\/tr\/index.php?rest_route=\/wp\/v2\/types\/post"}],"author":[{"embeddable":true,"href":"https:\/\/archive.sana.sy\/tr\/index.php?rest_route=\/wp\/v2\/users\/1"}],"replies":[{"embeddable":true,"href":"https:\/\/archive.sana.sy\/tr\/index.php?rest_route=%2Fwp%2Fv2%2Fcomments&post=64951"}],"version-history":[{"count":0,"href":"https:\/\/archive.sana.sy\/tr\/index.php?rest_route=\/wp\/v2\/posts\/64951\/revisions"}],"wp:featuredmedia":[{"embeddable":true,"href":"https:\/\/archive.sana.sy\/tr\/index.php?rest_route=\/wp\/v2\/media\/64954"}],"wp:attachment":[{"href":"https:\/\/archive.sana.sy\/tr\/index.php?rest_route=%2Fwp%2Fv2%2Fmedia&parent=64951"}],"wp:term":[{"taxonomy":"category","embeddable":true,"href":"https:\/\/archive.sana.sy\/tr\/index.php?rest_route=%2Fwp%2Fv2%2Fcategories&post=64951"},{"taxonomy":"post_tag","embeddable":true,"href":"https:\/\/archive.sana.sy\/tr\/index.php?rest_route=%2Fwp%2Fv2%2Ftags&post=64951"}],"curies":[{"name":"wp","href":"https:\/\/api.w.org\/{rel}","templated":true}]}}