{"id":64958,"date":"2016-03-15T13:25:52","date_gmt":"2016-03-15T11:25:52","guid":{"rendered":"http:\/\/sana.sy\/tr\/?p=64958"},"modified":"2016-03-17T12:03:29","modified_gmt":"2016-03-17T10:03:29","slug":"rusya-suriyede-terore-karsi-operasyonlarimizi-surdurecegiz","status":"publish","type":"post","link":"https:\/\/archive.sana.sy\/tr\/?p=64958","title":{"rendered":"Suriye&#8217;de kalacak G\u00fc\u00e7ler Ter\u00f6re Kar\u015f\u0131 Operasyonlar\u0131n\u0131 S\u00fcrd\u00fcrecek"},"content":{"rendered":"<p>LAZK\u0130YE &#8211; Rusya Savunma Bakanl\u0131\u011f\u0131, Rus hava g\u00fc\u00e7lerinin Suriye&#8217;den k\u0131smen \u00e7ekilmesine ra\u011fmen Rusya&#8217;n\u0131n Suriye&#8217;de I\u015e\u0130D&#8217;e y\u00f6nelik hava operasyonlar\u0131n\u0131 s\u00fcrd\u00fcrece\u011fini belirtti.<\/p>\n<p>Lazkiye k\u0131rsal\u0131n\u0131n Hmeymim Hava \u00dcss\u00fcnde bug\u00fcn d\u00fczenlenen bir etkinlikte Rusya Savunma Bakan Yard\u0131mc\u0131s\u0131 Nikolay Pankov, Suriye&#8217;de kalacak Rus g\u00fc\u00e7leri ve sava\u015f u\u00e7aklar\u0131n\u0131n g\u00f6revinin ter\u00f6r \u00f6rg\u00fctleri mevkilerine kar\u015f\u0131 hava operasyonlar\u0131n\u0131 s\u00fcrd\u00fcrmek oldu\u011funun alt\u0131n\u0131 \u00e7izdi. Pankov Rus g\u00fc\u00e7lerin Suriye&#8217;de ter\u00f6re kar\u015f\u0131 sava\u015f\u0131nda olduk\u00e7a \u00f6nemli sonu\u00e7lar kaydetti\u011fini, fakat ter\u00f6r\u00fcn hezimete u\u011frad\u0131\u011f\u0131n\u0131 s\u00f6ylemenin hen\u00fcz erken oldu\u011funu s\u00f6yledi.<\/p>\n","protected":false},"excerpt":{"rendered":"<p>LAZK\u0130YE &#8211; Rusya Savunma Bakanl\u0131\u011f\u0131, Rus hava g\u00fc\u00e7lerinin Suriye&#8217;den k\u0131smen \u00e7ekilmesine ra\u011fmen Rusya&#8217;n\u0131n Suriye&#8217;de I\u015e\u0130D&#8217;e y\u00f6nelik hava operasyonlar\u0131n\u0131 s\u00fcrd\u00fcrece\u011fini belirtti. Lazkiye k\u0131rsal\u0131n\u0131n Hmeymim Hava \u00dcss\u00fcnde bug\u00fcn d\u00fczenlenen bir etkinlikte Rusya Savunma Bakan Yard\u0131mc\u0131s\u0131 Nikolay Pankov, Suriye&#8217;de kalacak Rus g\u00fc\u00e7leri ve sava\u015f u\u00e7aklar\u0131n\u0131n g\u00f6revinin ter\u00f6r \u00f6rg\u00fctleri mevkilerine kar\u015f\u0131 hava operasyonlar\u0131n\u0131 s\u00fcrd\u00fcrmek oldu\u011funun alt\u0131n\u0131 \u00e7izdi. Pankov Rus &hellip;<\/p>\n","protected":false},"author":1,"featured_media":64962,"comment_status":"closed","ping_status":"closed","sticky":false,"template":"","format":"standard","meta":{"footnotes":""},"categories":[458,17988],"tags":[17041,19860],"class_list":["post-64958","post","type-post","status-publish","format-standard","has-post-thumbnail","","category-dunya1","category-son-haberler","tag-rusya-savunma-bakanligi","tag-rusya-suriyede-terore-karsi-operasyonlarimizi-surdurecegiz"],"_links":{"self":[{"href":"https:\/\/archive.sana.sy\/tr\/index.php?rest_route=\/wp\/v2\/posts\/64958","targetHints":{"allow":["GET"]}}],"collection":[{"href":"https:\/\/archive.sana.sy\/tr\/index.php?rest_route=\/wp\/v2\/posts"}],"about":[{"href":"https:\/\/archive.sana.sy\/tr\/index.php?rest_route=\/wp\/v2\/types\/post"}],"author":[{"embeddable":true,"href":"https:\/\/archive.sana.sy\/tr\/index.php?rest_route=\/wp\/v2\/users\/1"}],"replies":[{"embeddable":true,"href":"https:\/\/archive.sana.sy\/tr\/index.php?rest_route=%2Fwp%2Fv2%2Fcomments&post=64958"}],"version-history":[{"count":0,"href":"https:\/\/archive.sana.sy\/tr\/index.php?rest_route=\/wp\/v2\/posts\/64958\/revisions"}],"wp:featuredmedia":[{"embeddable":true,"href":"https:\/\/archive.sana.sy\/tr\/index.php?rest_route=\/wp\/v2\/media\/64962"}],"wp:attachment":[{"href":"https:\/\/archive.sana.sy\/tr\/index.php?rest_route=%2Fwp%2Fv2%2Fmedia&parent=64958"}],"wp:term":[{"taxonomy":"category","embeddable":true,"href":"https:\/\/archive.sana.sy\/tr\/index.php?rest_route=%2Fwp%2Fv2%2Fcategories&post=64958"},{"taxonomy":"post_tag","embeddable":true,"href":"https:\/\/archive.sana.sy\/tr\/index.php?rest_route=%2Fwp%2Fv2%2Ftags&post=64958"}],"curies":[{"name":"wp","href":"https:\/\/api.w.org\/{rel}","templated":true}]}}