{"id":64966,"date":"2016-03-15T14:03:44","date_gmt":"2016-03-15T12:03:44","guid":{"rendered":"http:\/\/sana.sy\/tr\/?p=64966"},"modified":"2016-03-15T14:06:19","modified_gmt":"2016-03-15T12:06:19","slug":"rusya-federal-guvenlik-servisi-baskani-alexander-bortnikov-rusyanin-terore-karsi-mucadelesini-yogunlastiracagini-belirtirken-bu-yondeki-hedeflerine-simsiki-tutundugunun-altini-cizdi","status":"publish","type":"post","link":"https:\/\/archive.sana.sy\/tr\/?p=64966","title":{"rendered":"Rusya Federal G\u00fcvenlik Servisi Ba\u015fkan\u0131 Alexander Bortnikov Rusya&#8217;n\u0131n ter\u00f6re kar\u015f\u0131 m\u00fccadelesini yo\u011funla\u015ft\u0131raca\u011f\u0131n\u0131 belirtirken, bu y\u00f6ndeki hedeflerine s\u0131ms\u0131k\u0131 tutundu\u011funun alt\u0131n\u0131 \u00e7izdi"},"content":{"rendered":"<p>Rusya Federal G\u00fcvenlik Servisi Ba\u015fkan\u0131 Alexander Bortnikov Rusya&#8217;n\u0131n ter\u00f6re kar\u015f\u0131 m\u00fccadelesini yo\u011funla\u015ft\u0131raca\u011f\u0131n\u0131 belirtirken, bu y\u00f6ndeki hedeflerine s\u0131ms\u0131k\u0131 tutundu\u011funun alt\u0131n\u0131 \u00e7izdi<\/p>\n","protected":false},"excerpt":{"rendered":"<p>Rusya Federal G\u00fcvenlik Servisi Ba\u015fkan\u0131 Alexander Bortnikov Rusya&#8217;n\u0131n ter\u00f6re kar\u015f\u0131 m\u00fccadelesini yo\u011funla\u015ft\u0131raca\u011f\u0131n\u0131 belirtirken, bu y\u00f6ndeki hedeflerine s\u0131ms\u0131k\u0131 tutundu\u011funun alt\u0131n\u0131 \u00e7izdi<\/p>\n","protected":false},"author":1,"featured_media":64970,"comment_status":"closed","ping_status":"closed","sticky":false,"template":"","format":"standard","meta":{"footnotes":""},"categories":[17991],"tags":[],"class_list":["post-64966","post","type-post","status-publish","format-standard","has-post-thumbnail","","category-son-dakika"],"_links":{"self":[{"href":"https:\/\/archive.sana.sy\/tr\/index.php?rest_route=\/wp\/v2\/posts\/64966","targetHints":{"allow":["GET"]}}],"collection":[{"href":"https:\/\/archive.sana.sy\/tr\/index.php?rest_route=\/wp\/v2\/posts"}],"about":[{"href":"https:\/\/archive.sana.sy\/tr\/index.php?rest_route=\/wp\/v2\/types\/post"}],"author":[{"embeddable":true,"href":"https:\/\/archive.sana.sy\/tr\/index.php?rest_route=\/wp\/v2\/users\/1"}],"replies":[{"embeddable":true,"href":"https:\/\/archive.sana.sy\/tr\/index.php?rest_route=%2Fwp%2Fv2%2Fcomments&post=64966"}],"version-history":[{"count":0,"href":"https:\/\/archive.sana.sy\/tr\/index.php?rest_route=\/wp\/v2\/posts\/64966\/revisions"}],"wp:featuredmedia":[{"embeddable":true,"href":"https:\/\/archive.sana.sy\/tr\/index.php?rest_route=\/wp\/v2\/media\/64970"}],"wp:attachment":[{"href":"https:\/\/archive.sana.sy\/tr\/index.php?rest_route=%2Fwp%2Fv2%2Fmedia&parent=64966"}],"wp:term":[{"taxonomy":"category","embeddable":true,"href":"https:\/\/archive.sana.sy\/tr\/index.php?rest_route=%2Fwp%2Fv2%2Fcategories&post=64966"},{"taxonomy":"post_tag","embeddable":true,"href":"https:\/\/archive.sana.sy\/tr\/index.php?rest_route=%2Fwp%2Fv2%2Ftags&post=64966"}],"curies":[{"name":"wp","href":"https:\/\/api.w.org\/{rel}","templated":true}]}}