{"id":64972,"date":"2016-03-15T11:06:05","date_gmt":"2016-03-15T09:06:05","guid":{"rendered":"http:\/\/sana.sy\/tr\/?p=64972"},"modified":"2016-03-15T14:12:12","modified_gmt":"2016-03-15T12:12:12","slug":"bm-genel-sekreterinin-suriye-ozel-temsilcisi-staffan-de-mistura-rusyanin-suriyedeki-askeri-guclerini-azaltma-kararinin-cenevrede-suriyeliler-arasindaki-diyalog-gorusmelerine-olumlu-etkide-bulun","status":"publish","type":"post","link":"https:\/\/archive.sana.sy\/tr\/?p=64972","title":{"rendered":"BM genel sekreterinin Suriye \u00f6zel temsilcisi Staffan de Mistura, Rusya&#8217;n\u0131n Suriye&#8217;deki askeri g\u00fc\u00e7lerini azaltma karar\u0131n\u0131n Cenevre&#8217;de Suriyeliler aras\u0131ndaki diyalog g\u00f6r\u00fc\u015fmelerine olumlu etkide bulunmas\u0131 emelini ifade etti"},"content":{"rendered":"<p>BM genel sekreterinin Suriye \u00f6zel temsilcisi Staffan de Mistura, Rusya&#8217;n\u0131n Suriye&#8217;deki askeri g\u00fc\u00e7lerini azaltma karar\u0131n\u0131n Cenevre&#8217;de Suriyeliler aras\u0131ndaki diyalog g\u00f6r\u00fc\u015fmelerine olumlu etkide bulunmas\u0131 emelini ifade etti<\/p>\n","protected":false},"excerpt":{"rendered":"<p>BM genel sekreterinin Suriye \u00f6zel temsilcisi Staffan de Mistura, Rusya&#8217;n\u0131n Suriye&#8217;deki askeri g\u00fc\u00e7lerini azaltma karar\u0131n\u0131n Cenevre&#8217;de Suriyeliler aras\u0131ndaki diyalog g\u00f6r\u00fc\u015fmelerine olumlu etkide bulunmas\u0131 emelini ifade etti<\/p>\n","protected":false},"author":1,"featured_media":0,"comment_status":"closed","ping_status":"closed","sticky":false,"template":"","format":"standard","meta":{"footnotes":""},"categories":[17991],"tags":[],"class_list":["post-64972","post","type-post","status-publish","format-standard","","category-son-dakika"],"_links":{"self":[{"href":"https:\/\/archive.sana.sy\/tr\/index.php?rest_route=\/wp\/v2\/posts\/64972","targetHints":{"allow":["GET"]}}],"collection":[{"href":"https:\/\/archive.sana.sy\/tr\/index.php?rest_route=\/wp\/v2\/posts"}],"about":[{"href":"https:\/\/archive.sana.sy\/tr\/index.php?rest_route=\/wp\/v2\/types\/post"}],"author":[{"embeddable":true,"href":"https:\/\/archive.sana.sy\/tr\/index.php?rest_route=\/wp\/v2\/users\/1"}],"replies":[{"embeddable":true,"href":"https:\/\/archive.sana.sy\/tr\/index.php?rest_route=%2Fwp%2Fv2%2Fcomments&post=64972"}],"version-history":[{"count":0,"href":"https:\/\/archive.sana.sy\/tr\/index.php?rest_route=\/wp\/v2\/posts\/64972\/revisions"}],"wp:attachment":[{"href":"https:\/\/archive.sana.sy\/tr\/index.php?rest_route=%2Fwp%2Fv2%2Fmedia&parent=64972"}],"wp:term":[{"taxonomy":"category","embeddable":true,"href":"https:\/\/archive.sana.sy\/tr\/index.php?rest_route=%2Fwp%2Fv2%2Fcategories&post=64972"},{"taxonomy":"post_tag","embeddable":true,"href":"https:\/\/archive.sana.sy\/tr\/index.php?rest_route=%2Fwp%2Fv2%2Ftags&post=64972"}],"curies":[{"name":"wp","href":"https:\/\/api.w.org\/{rel}","templated":true}]}}