{"id":64975,"date":"2016-03-15T12:11:59","date_gmt":"2016-03-15T10:11:59","guid":{"rendered":"http:\/\/sana.sy\/tr\/?p=64975"},"modified":"2016-03-17T12:03:35","modified_gmt":"2016-03-17T10:03:35","slug":"gorusmelere-olumlu-yansimasini-umut-etti","status":"publish","type":"post","link":"https:\/\/archive.sana.sy\/tr\/?p=64975","title":{"rendered":"G\u00f6r\u00fc\u015fmelere Olumlu Yans\u0131mas\u0131n\u0131 Umut Etti"},"content":{"rendered":"<p>CENEVRE \u2013 BM genel sekreterinin Suriye \u00f6zel temsilcisi Staffan de Mistura, Rusya&#8217;n\u0131n Suriye&#8217;deki askeri g\u00fc\u00e7lerini azaltma karar\u0131n\u0131n Cenevre&#8217;de Suriyeliler aras\u0131ndaki diyalog g\u00f6r\u00fc\u015fmelerine olumlu etkide bulunmas\u0131 emelini ifade etti.<\/p>\n<p>BM S\u00f6zc\u00fcs\u00fc Ahmet Fevzi\u2019nin bug\u00fcn Cenevre&#8217;de okudu\u011fu b\u00fclteninde de Mistura; Rusya Ba\u015fkan\u0131 Vladimir Putin\u2019in Cenevre&#8217;de Suriyeliler aras\u0131nda diyalog g\u00f6r\u00fc\u015fmelerinin ba\u015flad\u0131\u011f\u0131 g\u00fcnde bu karar\u0131n\u0131 ilan etmesinin \u00f6nemine dikkat \u00e7ekti. De Mistura bu karar\u0131n diyalog g\u00f6r\u00fc\u015fmelerine olumlu katk\u0131da bulunaca\u011f\u0131n\u0131 umut etti\u011fini s\u00f6yledi.<\/p>\n<p>B\u00fcltende de Mistura\u2019n\u0131n s\u00f6z konusu karar\u0131 ak\u015fam saatlerinde BMGK ile kapal\u0131 video ba\u011flant\u0131s\u0131nda g\u00f6r\u00fc\u015fmesinden \u00f6nce bildirildi\u011fi ifade edildi.<\/p>\n","protected":false},"excerpt":{"rendered":"<p>CENEVRE \u2013 BM genel sekreterinin Suriye \u00f6zel temsilcisi Staffan de Mistura, Rusya&#8217;n\u0131n Suriye&#8217;deki askeri g\u00fc\u00e7lerini azaltma karar\u0131n\u0131n Cenevre&#8217;de Suriyeliler aras\u0131ndaki diyalog g\u00f6r\u00fc\u015fmelerine olumlu etkide bulunmas\u0131 emelini ifade etti. BM S\u00f6zc\u00fcs\u00fc Ahmet Fevzi\u2019nin bug\u00fcn Cenevre&#8217;de okudu\u011fu b\u00fclteninde de Mistura; Rusya Ba\u015fkan\u0131 Vladimir Putin\u2019in Cenevre&#8217;de Suriyeliler aras\u0131nda diyalog g\u00f6r\u00fc\u015fmelerinin ba\u015flad\u0131\u011f\u0131 g\u00fcnde bu karar\u0131n\u0131 ilan etmesinin \u00f6nemine dikkat &hellip;<\/p>\n","protected":false},"author":1,"featured_media":64978,"comment_status":"closed","ping_status":"closed","sticky":false,"template":"","format":"standard","meta":{"footnotes":""},"categories":[458,459,17988],"tags":[17522,19866],"class_list":["post-64975","post","type-post","status-publish","format-standard","has-post-thumbnail","","category-dunya1","category-haberler-arap-uluslararasi-politika","category-son-haberler","tag-bm-genel-sekreterinin-suriye-ozel-temsilcisi-staffan-de-mistura","tag-gorusmelere-olumlu-yansimasini-umut-etti"],"_links":{"self":[{"href":"https:\/\/archive.sana.sy\/tr\/index.php?rest_route=\/wp\/v2\/posts\/64975","targetHints":{"allow":["GET"]}}],"collection":[{"href":"https:\/\/archive.sana.sy\/tr\/index.php?rest_route=\/wp\/v2\/posts"}],"about":[{"href":"https:\/\/archive.sana.sy\/tr\/index.php?rest_route=\/wp\/v2\/types\/post"}],"author":[{"embeddable":true,"href":"https:\/\/archive.sana.sy\/tr\/index.php?rest_route=\/wp\/v2\/users\/1"}],"replies":[{"embeddable":true,"href":"https:\/\/archive.sana.sy\/tr\/index.php?rest_route=%2Fwp%2Fv2%2Fcomments&post=64975"}],"version-history":[{"count":0,"href":"https:\/\/archive.sana.sy\/tr\/index.php?rest_route=\/wp\/v2\/posts\/64975\/revisions"}],"wp:featuredmedia":[{"embeddable":true,"href":"https:\/\/archive.sana.sy\/tr\/index.php?rest_route=\/wp\/v2\/media\/64978"}],"wp:attachment":[{"href":"https:\/\/archive.sana.sy\/tr\/index.php?rest_route=%2Fwp%2Fv2%2Fmedia&parent=64975"}],"wp:term":[{"taxonomy":"category","embeddable":true,"href":"https:\/\/archive.sana.sy\/tr\/index.php?rest_route=%2Fwp%2Fv2%2Fcategories&post=64975"},{"taxonomy":"post_tag","embeddable":true,"href":"https:\/\/archive.sana.sy\/tr\/index.php?rest_route=%2Fwp%2Fv2%2Ftags&post=64975"}],"curies":[{"name":"wp","href":"https:\/\/api.w.org\/{rel}","templated":true}]}}