{"id":64977,"date":"2016-03-15T11:30:01","date_gmt":"2016-03-15T09:30:01","guid":{"rendered":"http:\/\/sana.sy\/tr\/?p=64977"},"modified":"2016-03-17T12:03:38","modified_gmt":"2016-03-17T10:03:38","slug":"muttefiklerimizle-terore-karsi-savasi-surdurecegiz","status":"publish","type":"post","link":"https:\/\/archive.sana.sy\/tr\/?p=64977","title":{"rendered":"M\u00fcttefiklerimizle Ter\u00f6re Kar\u015f\u0131 Sava\u015f\u0131 S\u00fcrd\u00fcrece\u011fiz"},"content":{"rendered":"<p>MOSKOVA \u2013 Rusya Federal G\u00fcvenlik Servisi Ba\u015fkan\u0131 Alexander Bortnikov Rusya&#8217;n\u0131n ter\u00f6re kar\u015f\u0131 m\u00fccadelesini yo\u011funla\u015ft\u0131raca\u011f\u0131n\u0131 belirtirken, bu y\u00f6ndeki hedeflerine s\u0131ms\u0131k\u0131 tutundu\u011funun alt\u0131n\u0131 \u00e7izdi.<\/p>\n<p>RT web haber sitesinin bug\u00fcn yay\u0131nlad\u0131\u011f\u0131 a\u00e7\u0131klamalar\u0131nda Bortnikov; Rusya&#8217;n\u0131n ter\u00f6re kar\u015f\u0131 sava\u015f\u0131n\u0131 azaltmayaca\u011f\u0131n\u0131, tam tersine yo\u011funla\u015ft\u0131raca\u011f\u0131n\u0131 vurgulad\u0131. Bortnikov Rusya&#8217;n\u0131n ter\u00f6re kar\u015f\u0131 sava\u015f\u0131n\u0131 m\u00fcttefikleriyle birlikte s\u00fcrd\u00fcrece\u011fini ifade etti.<\/p>\n<p><span style=\"color: #0000ff\">Havadan Karadan ya da Denizden Sald\u0131r\u0131ya Kar\u015f\u0131 Savunma Sistemi Kalacak<\/span><\/p>\n<p><a href=\"http:\/\/sana.sy\/tr\/wp-content\/uploads\/2016\/03\/Sergey-Ivanov.jpg\"><img loading=\"lazy\" decoding=\"async\" class=\"alignright wp-image-64983 size-medium\" src=\"http:\/\/sana.sy\/tr\/wp-content\/uploads\/2016\/03\/Sergey-Ivanov-300x150.jpg\" alt=\"Sergey Ivanov\" width=\"300\" height=\"150\" srcset=\"https:\/\/archive.sana.sy\/tr\/wp-content\/uploads\/2016\/03\/Sergey-Ivanov-300x150.jpg 300w, https:\/\/archive.sana.sy\/tr\/wp-content\/uploads\/2016\/03\/Sergey-Ivanov-150x75.jpg 150w, https:\/\/archive.sana.sy\/tr\/wp-content\/uploads\/2016\/03\/Sergey-Ivanov.jpg 660w\" sizes=\"auto, (max-width: 300px) 100vw, 300px\" \/><\/a>Di\u011fer yandan Rusya Ba\u015fkanl\u0131k Divan\u0131 Direkt\u00f6r\u00fc Sergei Ivanov Rusya&#8217;n\u0131n ter\u00f6re kar\u015f\u0131 sava\u015f\u0131n\u0131 s\u00fcrd\u00fcrece\u011fini ifade ederken, fakat bu sava\u015fta Suriye&#8217;de mevcut g\u00fc\u00e7lere ihtiya\u00e7 duyulmad\u0131\u011f\u0131 i\u00e7in s\u00f6z konusu g\u00fc\u00e7lerin azalt\u0131ld\u0131\u011f\u0131n\u0131 belirtti.<\/p>\n<p>Rusya&#8217;n\u0131n Suriye&#8217;de mevcut S-400 tipi f\u00fcze savunma sistemlerini b\u0131rak\u0131p b\u0131rakmayaca\u011f\u0131na ili\u015fkin soruya cevab\u0131nda Ivanov; Rusya&#8217;n\u0131n Suriye&#8217;deki g\u00fc\u00e7lerine havadan, karadan ya da denizden herhangi bir sald\u0131r\u0131ya kar\u015f\u0131 g\u00fcvenli\u011finin temininde t\u00fcm gerekeni b\u0131rakaca\u011f\u0131n\u0131 s\u00f6yledi.<\/p>\n","protected":false},"excerpt":{"rendered":"<p>MOSKOVA \u2013 Rusya Federal G\u00fcvenlik Servisi Ba\u015fkan\u0131 Alexander Bortnikov Rusya&#8217;n\u0131n ter\u00f6re kar\u015f\u0131 m\u00fccadelesini yo\u011funla\u015ft\u0131raca\u011f\u0131n\u0131 belirtirken, bu y\u00f6ndeki hedeflerine s\u0131ms\u0131k\u0131 tutundu\u011funun alt\u0131n\u0131 \u00e7izdi. RT web haber sitesinin bug\u00fcn yay\u0131nlad\u0131\u011f\u0131 a\u00e7\u0131klamalar\u0131nda Bortnikov; Rusya&#8217;n\u0131n ter\u00f6re kar\u015f\u0131 sava\u015f\u0131n\u0131 azaltmayaca\u011f\u0131n\u0131, tam tersine yo\u011funla\u015ft\u0131raca\u011f\u0131n\u0131 vurgulad\u0131. Bortnikov Rusya&#8217;n\u0131n ter\u00f6re kar\u015f\u0131 sava\u015f\u0131n\u0131 m\u00fcttefikleriyle birlikte s\u00fcrd\u00fcrece\u011fini ifade etti. Havadan Karadan ya da Denizden Sald\u0131r\u0131ya &hellip;<\/p>\n","protected":false},"author":1,"featured_media":64981,"comment_status":"closed","ping_status":"closed","sticky":false,"template":"","format":"standard","meta":{"footnotes":""},"categories":[458,459,17988],"tags":[19867,19869,19868],"class_list":["post-64977","post","type-post","status-publish","format-standard","has-post-thumbnail","","category-dunya1","category-haberler-arap-uluslararasi-politika","category-son-haberler","tag-muttefiklerimizle-terore-karsi-savasi-surdurecegiz","tag-rusya-baskanlik-divani-direktoru-sergei-ivanov","tag-rusya-federal-guvenlik-servisi-baskani-alexander-bortnikov"],"_links":{"self":[{"href":"https:\/\/archive.sana.sy\/tr\/index.php?rest_route=\/wp\/v2\/posts\/64977","targetHints":{"allow":["GET"]}}],"collection":[{"href":"https:\/\/archive.sana.sy\/tr\/index.php?rest_route=\/wp\/v2\/posts"}],"about":[{"href":"https:\/\/archive.sana.sy\/tr\/index.php?rest_route=\/wp\/v2\/types\/post"}],"author":[{"embeddable":true,"href":"https:\/\/archive.sana.sy\/tr\/index.php?rest_route=\/wp\/v2\/users\/1"}],"replies":[{"embeddable":true,"href":"https:\/\/archive.sana.sy\/tr\/index.php?rest_route=%2Fwp%2Fv2%2Fcomments&post=64977"}],"version-history":[{"count":0,"href":"https:\/\/archive.sana.sy\/tr\/index.php?rest_route=\/wp\/v2\/posts\/64977\/revisions"}],"wp:featuredmedia":[{"embeddable":true,"href":"https:\/\/archive.sana.sy\/tr\/index.php?rest_route=\/wp\/v2\/media\/64981"}],"wp:attachment":[{"href":"https:\/\/archive.sana.sy\/tr\/index.php?rest_route=%2Fwp%2Fv2%2Fmedia&parent=64977"}],"wp:term":[{"taxonomy":"category","embeddable":true,"href":"https:\/\/archive.sana.sy\/tr\/index.php?rest_route=%2Fwp%2Fv2%2Fcategories&post=64977"},{"taxonomy":"post_tag","embeddable":true,"href":"https:\/\/archive.sana.sy\/tr\/index.php?rest_route=%2Fwp%2Fv2%2Ftags&post=64977"}],"curies":[{"name":"wp","href":"https:\/\/api.w.org\/{rel}","templated":true}]}}