{"id":64985,"date":"2016-03-15T14:37:10","date_gmt":"2016-03-15T12:37:10","guid":{"rendered":"http:\/\/sana.sy\/tr\/?p=64985"},"modified":"2016-03-17T12:00:52","modified_gmt":"2016-03-17T10:00:52","slug":"ilk-asamada-onlarca-aile-evlerine-dondu","status":"publish","type":"post","link":"https:\/\/archive.sana.sy\/tr\/?p=64985","title":{"rendered":"\u0130lk A\u015famada Onlarca Aile Evlerine D\u00f6nd\u00fc"},"content":{"rendered":"<p>HAMA \u2013 Hama k\u0131rsal\u0131n\u0131n kuzeydo\u011fusu Kuzey Fan K\u00f6y\u00fcnde sa\u011flanan yerel ulusal anla\u015fman\u0131n ilk a\u015famas\u0131 hayata ge\u00e7irildi.<\/p>\n<p>Hama \u0130linde Ulusal Uzla\u015fma Komitesi \u00dcyesi \u015eeyh Ahmet el Deyri SANA muhabirine a\u00e7\u0131klamas\u0131nda; ilk a\u015faman\u0131n hayata ge\u00e7irilmesiyle onlarca ailenin evlerine d\u00f6nd\u00fc\u011f\u00fcn\u00fc belirtti. \u015eeyh Deyri bunun da hama k\u0131rsal\u0131nda sa\u011flanan ulusal uzla\u015fma anla\u015fmas\u0131n\u0131n di\u011fer s\u00fcre\u00e7lerinin hayata ge\u00e7irilmesinde olumlu bir ad\u0131m te\u015fkil edece\u011fine dikkat \u00e7ekti. Anla\u015fman\u0131n bir sonraki s\u00fcrecinin il k\u0131rsal\u0131n\u0131n do\u011fusu Cneyne, Bat\u0131 Cneyne, Summakiye, Huveyca, Beyra, Kasr el Mahram ve daha bir\u00e7ok belde ve k\u00f6y ahalisinin evlerine d\u00f6nmelerini i\u00e7erece\u011fini a\u00e7\u0131klayn \u015eeyh Deyri; b\u00f6lge ahalisini g\u00fcnl\u00fck ya\u015famlar\u0131n\u0131 normal bir \u015fekilde s\u00fcrd\u00fcrmelerine \u00e7a\u011f\u0131rd\u0131.<\/p>\n<p>Bu arada hama Valili\u011fi 7 mart tarihinde il k\u0131rsal\u0131 Soran, Mudik Kalesi ve Hamra b\u00f6lgelerinde 100\u2019den fazla k\u00f6y ve beldeden a\u015firet \u015feyhleri, M\u00fcsl\u00fcman ve H\u0131ristiyan din adamlar\u0131, toplumun \u00f6nde gelenleri ve muhtelif faaliyet temsilcilerini ulusal uzla\u015fma \u00e7abalar\u0131 alt\u0131nda bir araya getirmi\u015fti.<\/p>\n","protected":false},"excerpt":{"rendered":"<p>HAMA \u2013 Hama k\u0131rsal\u0131n\u0131n kuzeydo\u011fusu Kuzey Fan K\u00f6y\u00fcnde sa\u011flanan yerel ulusal anla\u015fman\u0131n ilk a\u015famas\u0131 hayata ge\u00e7irildi. Hama \u0130linde Ulusal Uzla\u015fma Komitesi \u00dcyesi \u015eeyh Ahmet el Deyri SANA muhabirine a\u00e7\u0131klamas\u0131nda; ilk a\u015faman\u0131n hayata ge\u00e7irilmesiyle onlarca ailenin evlerine d\u00f6nd\u00fc\u011f\u00fcn\u00fc belirtti. \u015eeyh Deyri bunun da hama k\u0131rsal\u0131nda sa\u011flanan ulusal uzla\u015fma anla\u015fmas\u0131n\u0131n di\u011fer s\u00fcre\u00e7lerinin hayata ge\u00e7irilmesinde olumlu bir ad\u0131m &hellip;<\/p>\n","protected":false},"author":1,"featured_media":64970,"comment_status":"closed","ping_status":"closed","sticky":false,"template":"","format":"standard","meta":{"footnotes":""},"categories":[479,17988,478],"tags":[19871,19870,19865,18157],"class_list":["post-64985","post","type-post","status-publish","format-standard","has-post-thumbnail","","category-haberler-yerel","category-son-haberler","category-yerel","tag-aileler-evlerine-donuyor","tag-ilk-asamada-onlarca-aile-evlerine-dondu","tag-suriyeliler-evlerine-donuyor","tag-ulusal-uzlasma"],"_links":{"self":[{"href":"https:\/\/archive.sana.sy\/tr\/index.php?rest_route=\/wp\/v2\/posts\/64985","targetHints":{"allow":["GET"]}}],"collection":[{"href":"https:\/\/archive.sana.sy\/tr\/index.php?rest_route=\/wp\/v2\/posts"}],"about":[{"href":"https:\/\/archive.sana.sy\/tr\/index.php?rest_route=\/wp\/v2\/types\/post"}],"author":[{"embeddable":true,"href":"https:\/\/archive.sana.sy\/tr\/index.php?rest_route=\/wp\/v2\/users\/1"}],"replies":[{"embeddable":true,"href":"https:\/\/archive.sana.sy\/tr\/index.php?rest_route=%2Fwp%2Fv2%2Fcomments&post=64985"}],"version-history":[{"count":0,"href":"https:\/\/archive.sana.sy\/tr\/index.php?rest_route=\/wp\/v2\/posts\/64985\/revisions"}],"wp:featuredmedia":[{"embeddable":true,"href":"https:\/\/archive.sana.sy\/tr\/index.php?rest_route=\/wp\/v2\/media\/64970"}],"wp:attachment":[{"href":"https:\/\/archive.sana.sy\/tr\/index.php?rest_route=%2Fwp%2Fv2%2Fmedia&parent=64985"}],"wp:term":[{"taxonomy":"category","embeddable":true,"href":"https:\/\/archive.sana.sy\/tr\/index.php?rest_route=%2Fwp%2Fv2%2Fcategories&post=64985"},{"taxonomy":"post_tag","embeddable":true,"href":"https:\/\/archive.sana.sy\/tr\/index.php?rest_route=%2Fwp%2Fv2%2Ftags&post=64985"}],"curies":[{"name":"wp","href":"https:\/\/api.w.org\/{rel}","templated":true}]}}