{"id":64988,"date":"2016-03-15T09:53:22","date_gmt":"2016-03-15T07:53:22","guid":{"rendered":"http:\/\/sana.sy\/tr\/?p=64988"},"modified":"2016-03-15T14:54:35","modified_gmt":"2016-03-15T12:54:35","slug":"teroristlerin-insan-haklari-ihlallerine-iliskin-sorusturma-yapilmalidir","status":"publish","type":"post","link":"https:\/\/archive.sana.sy\/tr\/?p=64988","title":{"rendered":"Ter\u00f6ristlerin \u0130nsan Haklar\u0131 \u0130hlallerine \u0130li\u015fkin Soru\u015fturma Yap\u0131lmal\u0131d\u0131r"},"content":{"rendered":"<p>CENEVRE \u2013 BM \u0130nsan Haklar\u0131 Konseyinde Rusya heyetinin temsilcisi Aleksey Goltyayev \u0130nsan Haklar\u0131 Konseyini Suriye&#8217;de \u00e7at\u0131\u015fmalar\u0131 durdurma anla\u015fmas\u0131n\u0131n ba\u015far\u0131l\u0131 olmas\u0131na katk\u0131 sa\u011flamaya \u00e7a\u011f\u0131rd\u0131.<\/p>\n<p>Goltyayev konseyin bug\u00fcn d\u00fczenledi\u011fi oturumda yapt\u0131\u011f\u0131 konu\u015fmada; bir k\u0131s\u0131m devletlerin Suriye&#8217;de durumlar\u0131 alevlendirme \u00e7abalar\u0131 kapsam\u0131nda \u0130nsan Haklar\u0131 Meclisini edat olarak kullanmaya devam ettiklerini, bunun da esef verici bir durum oldu\u011funu s\u00f6yledi. Suriye&#8217;ye ili\u015fkin yay\u0131nlanan karar tasar\u0131s\u0131n\u0131n ger\u00e7ekleri yans\u0131tmad\u0131\u011f\u0131n\u0131 belirten Goltyayev; bu karar tasar\u0131s\u0131nda ger\u00e7eklerin kas\u0131tl\u0131 olarak \u00e7arp\u0131t\u0131ld\u0131\u011f\u0131n\u0131 ifade etti. Goltyayev durumlar\u0131n k\u00f6t\u00fcye gitmesine provoke eden bu gibi davran\u0131\u015flara son verilmesi gerekti\u011fini vurgulad\u0131.<\/p>\n<p>Rusya&#8217;n\u0131n Suriye&#8217;de insan haklar\u0131 ihlallerini ara\u015ft\u0131ran ba\u011f\u0131ms\u0131z komisyona ter\u00f6ristlerin bulunduklar\u0131 ihlalleri de tarafs\u0131z bir \u015fekilde soru\u015fturmas\u0131n\u0131 \u00f6nerdi\u011fini belirten Goltyayev; Nusra Cephesi ve Kaide \u00d6rg\u00fct\u00fc tabanl\u0131 di\u011fer ter\u00f6r \u00f6rg\u00fctlerin Suriye&#8217;de bulunduklar\u0131 ihlallerin ciddi ve tarafs\u0131z bir \u015fekilde soru\u015fturulmas\u0131na b\u00fcy\u00fck bir gereksinim bulundu\u011funun alt\u0131n\u0131 \u00e7izdi.<\/p>\n","protected":false},"excerpt":{"rendered":"<p>CENEVRE \u2013 BM \u0130nsan Haklar\u0131 Konseyinde Rusya heyetinin temsilcisi Aleksey Goltyayev \u0130nsan Haklar\u0131 Konseyini Suriye&#8217;de \u00e7at\u0131\u015fmalar\u0131 durdurma anla\u015fmas\u0131n\u0131n ba\u015far\u0131l\u0131 olmas\u0131na katk\u0131 sa\u011flamaya \u00e7a\u011f\u0131rd\u0131. Goltyayev konseyin bug\u00fcn d\u00fczenledi\u011fi oturumda yapt\u0131\u011f\u0131 konu\u015fmada; bir k\u0131s\u0131m devletlerin Suriye&#8217;de durumlar\u0131 alevlendirme \u00e7abalar\u0131 kapsam\u0131nda \u0130nsan Haklar\u0131 Meclisini edat olarak kullanmaya devam ettiklerini, bunun da esef verici bir durum oldu\u011funu s\u00f6yledi. Suriye&#8217;ye &hellip;<\/p>\n","protected":false},"author":1,"featured_media":64989,"comment_status":"closed","ping_status":"closed","sticky":false,"template":"","format":"standard","meta":{"footnotes":""},"categories":[458,459,17988],"tags":[19874,19873,19872],"class_list":["post-64988","post","type-post","status-publish","format-standard","has-post-thumbnail","","category-dunya1","category-haberler-arap-uluslararasi-politika","category-son-haberler","tag-aleksey-goltyayev","tag-bm-insan-haklari-konseyi","tag-teroristlerin-insan-haklari-ihlallerine-iliskin-sorusturma-yapilmalidir"],"_links":{"self":[{"href":"https:\/\/archive.sana.sy\/tr\/index.php?rest_route=\/wp\/v2\/posts\/64988","targetHints":{"allow":["GET"]}}],"collection":[{"href":"https:\/\/archive.sana.sy\/tr\/index.php?rest_route=\/wp\/v2\/posts"}],"about":[{"href":"https:\/\/archive.sana.sy\/tr\/index.php?rest_route=\/wp\/v2\/types\/post"}],"author":[{"embeddable":true,"href":"https:\/\/archive.sana.sy\/tr\/index.php?rest_route=\/wp\/v2\/users\/1"}],"replies":[{"embeddable":true,"href":"https:\/\/archive.sana.sy\/tr\/index.php?rest_route=%2Fwp%2Fv2%2Fcomments&post=64988"}],"version-history":[{"count":0,"href":"https:\/\/archive.sana.sy\/tr\/index.php?rest_route=\/wp\/v2\/posts\/64988\/revisions"}],"wp:featuredmedia":[{"embeddable":true,"href":"https:\/\/archive.sana.sy\/tr\/index.php?rest_route=\/wp\/v2\/media\/64989"}],"wp:attachment":[{"href":"https:\/\/archive.sana.sy\/tr\/index.php?rest_route=%2Fwp%2Fv2%2Fmedia&parent=64988"}],"wp:term":[{"taxonomy":"category","embeddable":true,"href":"https:\/\/archive.sana.sy\/tr\/index.php?rest_route=%2Fwp%2Fv2%2Fcategories&post=64988"},{"taxonomy":"post_tag","embeddable":true,"href":"https:\/\/archive.sana.sy\/tr\/index.php?rest_route=%2Fwp%2Fv2%2Ftags&post=64988"}],"curies":[{"name":"wp","href":"https:\/\/api.w.org\/{rel}","templated":true}]}}