{"id":6499,"date":"2014-08-04T17:25:57","date_gmt":"2014-08-04T14:25:57","guid":{"rendered":"http:\/\/www.sana.sy\/tr\/?p=6499"},"modified":"2014-08-05T16:04:32","modified_gmt":"2014-08-05T13:04:32","slug":"sivillere-yonelik-kor-saldirilari-devam-ederken-hamada-katliamda-bulundular","status":"publish","type":"post","link":"https:\/\/archive.sana.sy\/tr\/?p=6499","title":{"rendered":"Sivillere Y\u00f6nelik K\u00f6r Sald\u0131r\u0131lar\u0131 Devam Ederken Hama\u2019da Katliamda Bulundular"},"content":{"rendered":"<p>\u0130LLER \u2013 Hama Emniyet M\u00fcd\u00fcrl\u00fc\u011f\u00fcnde yetkili bir kaynak tekfirci ve hain ter\u00f6r \u00e7etelerinin Hama k\u0131rsal\u0131n\u0131n Mzeyria Beldesinde bir aileyi toplu katliamdan ge\u00e7irdiklerini belirtti.<\/p>\n<p>Kaynak hain ve gaddar ter\u00f6ristlerin aralar\u0131nda biri 13, biri de 15 ya\u015flar\u0131nda olan 7 karde\u015fi \u015fehit ettiklerini, ailenin di\u011fer 4 ferdini de yaralad\u0131klar\u0131n\u0131 ifade etti. Kaynak yaralanan aile fertlerinin 4, 5 ve 15 ya\u015flar\u0131nda 3 \u00e7ocu\u011fun yan\u0131 s\u0131ra bir kad\u0131n\u0131n oldu\u011funu a\u00e7\u0131klad\u0131.<\/p>\n<p>Ayn\u0131 kaynak ter\u00f6ristlerin aile fertlerini \u015fehit ve yaral\u0131 d\u00fc\u015f\u00fcrmeleri ard\u0131ndan aralar\u0131nda bir trakt\u00f6r, su tankeri ve b\u00fcy\u00fckba\u015f hayvanlar\u0131n yan\u0131 s\u0131ra evde bulunan t\u00fcm m\u00fclkleri gasp edip \u00e7ald\u0131klar\u0131n\u0131 aktard\u0131.<\/p>\n<div id='gallery-1' class='gallery galleryid-6499 gallery-columns-3 gallery-size-thumbnail'><figure class='gallery-item'>\n\t\t\t<div class='gallery-icon landscape'>\n\t\t\t\t<a href='https:\/\/archive.sana.sy\/tr\/wp-content\/uploads\/2014\/08\/katliam-3.jpg'><img loading=\"lazy\" decoding=\"async\" width=\"150\" height=\"103\" src=\"https:\/\/archive.sana.sy\/tr\/wp-content\/uploads\/2014\/08\/katliam-3-150x103.jpg\" class=\"attachment-thumbnail size-thumbnail\" alt=\"\" srcset=\"https:\/\/archive.sana.sy\/tr\/wp-content\/uploads\/2014\/08\/katliam-3-150x103.jpg 150w, https:\/\/archive.sana.sy\/tr\/wp-content\/uploads\/2014\/08\/katliam-3-300x207.jpg 300w, https:\/\/archive.sana.sy\/tr\/wp-content\/uploads\/2014\/08\/katliam-3-1024x708.jpg 1024w\" sizes=\"auto, (max-width: 150px) 100vw, 150px\" \/><\/a>\n\t\t\t<\/div><\/figure><figure class='gallery-item'>\n\t\t\t<div class='gallery-icon landscape'>\n\t\t\t\t<a href='https:\/\/archive.sana.sy\/tr\/wp-content\/uploads\/2014\/08\/katliam-2.jpg'><img loading=\"lazy\" decoding=\"async\" width=\"150\" height=\"112\" src=\"https:\/\/archive.sana.sy\/tr\/wp-content\/uploads\/2014\/08\/katliam-2-150x112.jpg\" class=\"attachment-thumbnail size-thumbnail\" alt=\"\" srcset=\"https:\/\/archive.sana.sy\/tr\/wp-content\/uploads\/2014\/08\/katliam-2-150x112.jpg 150w, https:\/\/archive.sana.sy\/tr\/wp-content\/uploads\/2014\/08\/katliam-2-300x225.jpg 300w, https:\/\/archive.sana.sy\/tr\/wp-content\/uploads\/2014\/08\/katliam-2-1024x768.jpg 1024w\" sizes=\"auto, (max-width: 150px) 100vw, 150px\" \/><\/a>\n\t\t\t<\/div><\/figure><figure class='gallery-item'>\n\t\t\t<div class='gallery-icon landscape'>\n\t\t\t\t<a href='https:\/\/archive.sana.sy\/tr\/wp-content\/uploads\/2014\/08\/katliam.jpg'><img loading=\"lazy\" decoding=\"async\" width=\"150\" height=\"112\" src=\"https:\/\/archive.sana.sy\/tr\/wp-content\/uploads\/2014\/08\/katliam-150x112.jpg\" class=\"attachment-thumbnail size-thumbnail\" alt=\"\" srcset=\"https:\/\/archive.sana.sy\/tr\/wp-content\/uploads\/2014\/08\/katliam-150x112.jpg 150w, https:\/\/archive.sana.sy\/tr\/wp-content\/uploads\/2014\/08\/katliam-300x225.jpg 300w, https:\/\/archive.sana.sy\/tr\/wp-content\/uploads\/2014\/08\/katliam-1024x768.jpg 1024w\" sizes=\"auto, (max-width: 150px) 100vw, 150px\" \/><\/a>\n\t\t\t<\/div><\/figure>\n\t\t<\/div>\n\n<p>\u00d6te yandan Hama K\u0131ral\u0131n\u0131n Selheb Beldesinde silahl\u0131 ter\u00f6r gruplar\u0131 taraf\u0131ndan d\u00fczenlenen roket sald\u0131r\u0131lar\u0131 sonucunda tar\u0131m arazilerinde meydana gelen yang\u0131n maddi hasara yol a\u00e7t\u0131.<\/p>\n<p>Hama Emniyet M\u00fcd\u00fcrl\u00fc\u011f\u00fcnde yetkili bir kaynak ter\u00f6ristlerin Selheb Beldesine 10 adet roket f\u0131rlatt\u0131klar\u0131n\u0131 dile getirerek roket sald\u0131r\u0131lar\u0131n\u0131n \u015fan eseri can kayb\u0131na yol a\u00e7mad\u0131\u011f\u0131n\u0131 ancak vatanda\u015flar\u0131n ara\u00e7, ev ve i\u015f yerlerinde maddi hasar meydana geldi\u011fini ifade etti.<\/p>\n<p>\u015eam\u2019da Ter\u00f6r Sald\u0131r\u0131lar\u0131 Sonucu Bir Vatanda\u015f\u0131m\u0131z \u015eehit D\u00fc\u015ft\u00fc<\/p>\n<p>Silahl\u0131 ter\u00f6r gruplar\u0131n\u0131n bug\u00fcn \u015eam\u2019da d\u00fczenledikleri havan sald\u0131r\u0131lar\u0131 sonucunda 1 vatanda\u015f\u0131m\u0131z \u015fehit d\u00fc\u015ft\u00fc ve 7 vatanda\u015f\u0131m\u0131z yaraland\u0131.<\/p>\n<p>\u015eam Emniyet M\u00fcd\u00fcrl\u00fc\u011f\u00fcnde yetkili bir kaynak, Muhacirin, Mezze Cebel, Ayn Kir\u015f ve Bab \u015earki semtlerinde ter\u00f6ristler taraf\u0131ndan d\u00fczenlenen havan sald\u0131r\u0131lar\u0131 sonucunda 1 vatanda\u015f\u0131m\u0131z\u0131n \u015fehit d\u00fc\u015ft\u00fc\u011f\u00fcn\u00fc, 7 vatanda\u015f\u0131m\u0131z\u0131n da yaraland\u0131\u011f\u0131n\u0131 ifade etti.<\/p>\n<p>Kaynak ayr\u0131ca havan mermilerinin isabet etti\u011fi b\u00f6lgelerde vatanda\u015flar\u0131n ara\u00e7, ev ve i\u015fyerlerinde maddi hasar meydana geldi\u011fini beyan etti.<\/p>\n<div id='gallery-2' class='gallery galleryid-6499 gallery-columns-3 gallery-size-thumbnail'><figure class='gallery-item'>\n\t\t\t<div class='gallery-icon landscape'>\n\t\t\t\t<a href='https:\/\/archive.sana.sy\/tr\/wp-content\/uploads\/2014\/08\/havan-6.jpg'><img loading=\"lazy\" decoding=\"async\" width=\"150\" height=\"99\" src=\"https:\/\/archive.sana.sy\/tr\/wp-content\/uploads\/2014\/08\/havan-6-150x99.jpg\" class=\"attachment-thumbnail size-thumbnail\" alt=\"\" srcset=\"https:\/\/archive.sana.sy\/tr\/wp-content\/uploads\/2014\/08\/havan-6-150x99.jpg 150w, https:\/\/archive.sana.sy\/tr\/wp-content\/uploads\/2014\/08\/havan-6-300x199.jpg 300w, https:\/\/archive.sana.sy\/tr\/wp-content\/uploads\/2014\/08\/havan-6-1024x681.jpg 1024w\" sizes=\"auto, (max-width: 150px) 100vw, 150px\" \/><\/a>\n\t\t\t<\/div><\/figure><figure class='gallery-item'>\n\t\t\t<div class='gallery-icon landscape'>\n\t\t\t\t<a href='https:\/\/archive.sana.sy\/tr\/wp-content\/uploads\/2014\/08\/havan-5.jpg'><img loading=\"lazy\" decoding=\"async\" width=\"150\" height=\"100\" src=\"https:\/\/archive.sana.sy\/tr\/wp-content\/uploads\/2014\/08\/havan-5-150x100.jpg\" class=\"attachment-thumbnail size-thumbnail\" alt=\"\" srcset=\"https:\/\/archive.sana.sy\/tr\/wp-content\/uploads\/2014\/08\/havan-5-150x100.jpg 150w, https:\/\/archive.sana.sy\/tr\/wp-content\/uploads\/2014\/08\/havan-5-300x200.jpg 300w, https:\/\/archive.sana.sy\/tr\/wp-content\/uploads\/2014\/08\/havan-5-1024x684.jpg 1024w\" sizes=\"auto, (max-width: 150px) 100vw, 150px\" \/><\/a>\n\t\t\t<\/div><\/figure><figure class='gallery-item'>\n\t\t\t<div class='gallery-icon landscape'>\n\t\t\t\t<a href='https:\/\/archive.sana.sy\/tr\/wp-content\/uploads\/2014\/08\/havan-4.jpg'><img loading=\"lazy\" decoding=\"async\" width=\"150\" height=\"98\" src=\"https:\/\/archive.sana.sy\/tr\/wp-content\/uploads\/2014\/08\/havan-4-150x98.jpg\" class=\"attachment-thumbnail size-thumbnail\" alt=\"\" srcset=\"https:\/\/archive.sana.sy\/tr\/wp-content\/uploads\/2014\/08\/havan-4-150x98.jpg 150w, https:\/\/archive.sana.sy\/tr\/wp-content\/uploads\/2014\/08\/havan-4-300x196.jpg 300w, https:\/\/archive.sana.sy\/tr\/wp-content\/uploads\/2014\/08\/havan-4-1024x669.jpg 1024w\" sizes=\"auto, (max-width: 150px) 100vw, 150px\" \/><\/a>\n\t\t\t<\/div><\/figure><figure class='gallery-item'>\n\t\t\t<div class='gallery-icon landscape'>\n\t\t\t\t<a href='https:\/\/archive.sana.sy\/tr\/wp-content\/uploads\/2014\/08\/havan-3.jpg'><img loading=\"lazy\" decoding=\"async\" width=\"150\" height=\"108\" src=\"https:\/\/archive.sana.sy\/tr\/wp-content\/uploads\/2014\/08\/havan-3-150x108.jpg\" class=\"attachment-thumbnail size-thumbnail\" alt=\"\" srcset=\"https:\/\/archive.sana.sy\/tr\/wp-content\/uploads\/2014\/08\/havan-3-150x108.jpg 150w, https:\/\/archive.sana.sy\/tr\/wp-content\/uploads\/2014\/08\/havan-3-300x216.jpg 300w, https:\/\/archive.sana.sy\/tr\/wp-content\/uploads\/2014\/08\/havan-3-1024x737.jpg 1024w\" sizes=\"auto, (max-width: 150px) 100vw, 150px\" \/><\/a>\n\t\t\t<\/div><\/figure><figure class='gallery-item'>\n\t\t\t<div class='gallery-icon landscape'>\n\t\t\t\t<a href='https:\/\/archive.sana.sy\/tr\/wp-content\/uploads\/2014\/08\/havan-1.jpg'><img loading=\"lazy\" decoding=\"async\" width=\"150\" height=\"104\" src=\"https:\/\/archive.sana.sy\/tr\/wp-content\/uploads\/2014\/08\/havan-1-150x104.jpg\" class=\"attachment-thumbnail size-thumbnail\" alt=\"\" srcset=\"https:\/\/archive.sana.sy\/tr\/wp-content\/uploads\/2014\/08\/havan-1-150x104.jpg 150w, https:\/\/archive.sana.sy\/tr\/wp-content\/uploads\/2014\/08\/havan-1-300x209.jpg 300w, https:\/\/archive.sana.sy\/tr\/wp-content\/uploads\/2014\/08\/havan-1-1024x715.jpg 1024w\" sizes=\"auto, (max-width: 150px) 100vw, 150px\" \/><\/a>\n\t\t\t<\/div><\/figure><figure class='gallery-item'>\n\t\t\t<div class='gallery-icon landscape'>\n\t\t\t\t<a href='https:\/\/archive.sana.sy\/tr\/wp-content\/uploads\/2014\/08\/havan-2.jpg'><img loading=\"lazy\" decoding=\"async\" width=\"150\" height=\"98\" src=\"https:\/\/archive.sana.sy\/tr\/wp-content\/uploads\/2014\/08\/havan-2-150x98.jpg\" class=\"attachment-thumbnail size-thumbnail\" alt=\"\" srcset=\"https:\/\/archive.sana.sy\/tr\/wp-content\/uploads\/2014\/08\/havan-2-150x98.jpg 150w, https:\/\/archive.sana.sy\/tr\/wp-content\/uploads\/2014\/08\/havan-2-300x196.jpg 300w, https:\/\/archive.sana.sy\/tr\/wp-content\/uploads\/2014\/08\/havan-2-1024x669.jpg 1024w\" sizes=\"auto, (max-width: 150px) 100vw, 150px\" \/><\/a>\n\t\t\t<\/div><\/figure>\n\t\t<\/div>\n\n","protected":false},"excerpt":{"rendered":"<p>\u0130LLER \u2013 Hama Emniyet M\u00fcd\u00fcrl\u00fc\u011f\u00fcnde yetkili bir kaynak tekfirci ve hain ter\u00f6r \u00e7etelerinin Hama k\u0131rsal\u0131n\u0131n Mzeyria Beldesinde bir aileyi toplu katliamdan ge\u00e7irdiklerini belirtti. Kaynak hain ve gaddar ter\u00f6ristlerin aralar\u0131nda biri 13, biri de 15 ya\u015flar\u0131nda olan 7 karde\u015fi \u015fehit ettiklerini, ailenin di\u011fer 4 ferdini de yaralad\u0131klar\u0131n\u0131 ifade etti. Kaynak yaralanan aile fertlerinin 4, 5 ve &hellip;<\/p>\n","protected":false},"author":1,"featured_media":6506,"comment_status":"closed","ping_status":"closed","sticky":false,"template":"","format":"standard","meta":{"footnotes":""},"categories":[575],"tags":[1447],"class_list":["post-6499","post","type-post","status-publish","format-standard","has-post-thumbnail","","category-olaylar-ve-gercekler","tag-sivillere-yonelik-kor-saldirilari-devam-ederken-hamada-katliamda-bulundular"],"_links":{"self":[{"href":"https:\/\/archive.sana.sy\/tr\/index.php?rest_route=\/wp\/v2\/posts\/6499","targetHints":{"allow":["GET"]}}],"collection":[{"href":"https:\/\/archive.sana.sy\/tr\/index.php?rest_route=\/wp\/v2\/posts"}],"about":[{"href":"https:\/\/archive.sana.sy\/tr\/index.php?rest_route=\/wp\/v2\/types\/post"}],"author":[{"embeddable":true,"href":"https:\/\/archive.sana.sy\/tr\/index.php?rest_route=\/wp\/v2\/users\/1"}],"replies":[{"embeddable":true,"href":"https:\/\/archive.sana.sy\/tr\/index.php?rest_route=%2Fwp%2Fv2%2Fcomments&post=6499"}],"version-history":[{"count":0,"href":"https:\/\/archive.sana.sy\/tr\/index.php?rest_route=\/wp\/v2\/posts\/6499\/revisions"}],"wp:featuredmedia":[{"embeddable":true,"href":"https:\/\/archive.sana.sy\/tr\/index.php?rest_route=\/wp\/v2\/media\/6506"}],"wp:attachment":[{"href":"https:\/\/archive.sana.sy\/tr\/index.php?rest_route=%2Fwp%2Fv2%2Fmedia&parent=6499"}],"wp:term":[{"taxonomy":"category","embeddable":true,"href":"https:\/\/archive.sana.sy\/tr\/index.php?rest_route=%2Fwp%2Fv2%2Fcategories&post=6499"},{"taxonomy":"post_tag","embeddable":true,"href":"https:\/\/archive.sana.sy\/tr\/index.php?rest_route=%2Fwp%2Fv2%2Ftags&post=6499"}],"curies":[{"name":"wp","href":"https:\/\/api.w.org\/{rel}","templated":true}]}}