{"id":64996,"date":"2016-03-15T09:37:25","date_gmt":"2016-03-15T07:37:25","guid":{"rendered":"http:\/\/www.sana.sy\/tr\/?p=64996"},"modified":"2016-03-17T12:05:45","modified_gmt":"2016-03-17T10:05:45","slug":"hasekede-patlayan-isid-mayininda-1-sehit-dustu","status":"publish","type":"post","link":"https:\/\/archive.sana.sy\/tr\/?p=64996","title":{"rendered":"Haseke\u2019de Patlayan I\u015e\u0130D May\u0131n\u0131nda 1 \u015eehit D\u00fc\u015ft\u00fc"},"content":{"rendered":"<p>HASEKE \u2013 Haseke k\u0131rsal\u0131n\u0131n g\u00fcneyi Sait K\u00f6y\u00fcnde I\u015e\u0130D\u2019li tekfircilerin kal\u0131nt\u0131lar\u0131ndan bir kara may\u0131n\u0131 patlad\u0131.<\/p>\n<p>Yerel kaynaklar SANA muhabirine a\u00e7\u0131klamalar\u0131nda; Haseke k\u0131rsal\u0131n\u0131n g\u00fcneyi \u015eeddadi Kentinin g\u00fcneyine d\u00fc\u015fen Sait K\u00f6y\u00fcnde I\u015e\u0130D\u2019li tekfircilerin ordu birliklerimiz taraf\u0131ndan bertaraf edilmelerinden \u00f6nce yerle\u015ftirmi\u015f olduklar\u0131 bir may\u0131n\u0131n patlamas\u0131 sonucunda bir vatanda\u015f\u0131n \u015fehit d\u00fc\u015ft\u00fc\u011f\u00fcn\u00fc ifade etti.<\/p>\n","protected":false},"excerpt":{"rendered":"<p>HASEKE \u2013 Haseke k\u0131rsal\u0131n\u0131n g\u00fcneyi Sait K\u00f6y\u00fcnde I\u015e\u0130D\u2019li tekfircilerin kal\u0131nt\u0131lar\u0131ndan bir kara may\u0131n\u0131 patlad\u0131. Yerel kaynaklar SANA muhabirine a\u00e7\u0131klamalar\u0131nda; Haseke k\u0131rsal\u0131n\u0131n g\u00fcneyi \u015eeddadi Kentinin g\u00fcneyine d\u00fc\u015fen Sait K\u00f6y\u00fcnde I\u015e\u0130D\u2019li tekfircilerin ordu birliklerimiz taraf\u0131ndan bertaraf edilmelerinden \u00f6nce yerle\u015ftirmi\u015f olduklar\u0131 bir may\u0131n\u0131n patlamas\u0131 sonucunda bir vatanda\u015f\u0131n \u015fehit d\u00fc\u015ft\u00fc\u011f\u00fcn\u00fc ifade etti.<\/p>\n","protected":false},"author":1,"featured_media":63800,"comment_status":"closed","ping_status":"closed","sticky":false,"template":"","format":"standard","meta":{"footnotes":""},"categories":[479,575,17988,478],"tags":[],"class_list":["post-64996","post","type-post","status-publish","format-standard","has-post-thumbnail","","category-haberler-yerel","category-olaylar-ve-gercekler","category-son-haberler","category-yerel"],"_links":{"self":[{"href":"https:\/\/archive.sana.sy\/tr\/index.php?rest_route=\/wp\/v2\/posts\/64996","targetHints":{"allow":["GET"]}}],"collection":[{"href":"https:\/\/archive.sana.sy\/tr\/index.php?rest_route=\/wp\/v2\/posts"}],"about":[{"href":"https:\/\/archive.sana.sy\/tr\/index.php?rest_route=\/wp\/v2\/types\/post"}],"author":[{"embeddable":true,"href":"https:\/\/archive.sana.sy\/tr\/index.php?rest_route=\/wp\/v2\/users\/1"}],"replies":[{"embeddable":true,"href":"https:\/\/archive.sana.sy\/tr\/index.php?rest_route=%2Fwp%2Fv2%2Fcomments&post=64996"}],"version-history":[{"count":0,"href":"https:\/\/archive.sana.sy\/tr\/index.php?rest_route=\/wp\/v2\/posts\/64996\/revisions"}],"wp:featuredmedia":[{"embeddable":true,"href":"https:\/\/archive.sana.sy\/tr\/index.php?rest_route=\/wp\/v2\/media\/63800"}],"wp:attachment":[{"href":"https:\/\/archive.sana.sy\/tr\/index.php?rest_route=%2Fwp%2Fv2%2Fmedia&parent=64996"}],"wp:term":[{"taxonomy":"category","embeddable":true,"href":"https:\/\/archive.sana.sy\/tr\/index.php?rest_route=%2Fwp%2Fv2%2Fcategories&post=64996"},{"taxonomy":"post_tag","embeddable":true,"href":"https:\/\/archive.sana.sy\/tr\/index.php?rest_route=%2Fwp%2Fv2%2Ftags&post=64996"}],"curies":[{"name":"wp","href":"https:\/\/api.w.org\/{rel}","templated":true}]}}