{"id":65074,"date":"2016-03-16T10:40:53","date_gmt":"2016-03-16T08:40:53","guid":{"rendered":"http:\/\/sana.sy\/tr\/?p=65074"},"modified":"2016-03-16T12:04:17","modified_gmt":"2016-03-16T10:04:17","slug":"suriye-arap-cumhuriyetinin-cenevre-gorusmelerine-heyeti-bm-suriye-ozel-temsilcisi-de-mistura-ile-gorusmek-uzere-bmnin-cenevredeki-binasina-ulasti","status":"publish","type":"post","link":"https:\/\/archive.sana.sy\/tr\/?p=65074","title":{"rendered":"Suriye Arap Cumhuriyetinin Cenevre g\u00f6r\u00fc\u015fmelerine heyeti BM Suriye \u00f6zel temsilcisi de Mistura ile g\u00f6r\u00fc\u015fmek \u00fczere BM\u2019nin Cenevre&#8217;deki binas\u0131na ula\u015ft\u0131"},"content":{"rendered":"<p>Suriye Arap Cumhuriyetinin Cenevre g\u00f6r\u00fc\u015fmelerine heyeti BM Suriye \u00f6zel temsilcisi de Mistura ile g\u00f6r\u00fc\u015fmek \u00fczere BM\u2019nin Cenevre&#8217;deki binas\u0131na ula\u015ft\u0131<\/p>\n","protected":false},"excerpt":{"rendered":"<p>Suriye Arap Cumhuriyetinin Cenevre g\u00f6r\u00fc\u015fmelerine heyeti BM Suriye \u00f6zel temsilcisi de Mistura ile g\u00f6r\u00fc\u015fmek \u00fczere BM\u2019nin Cenevre&#8217;deki binas\u0131na ula\u015ft\u0131<\/p>\n","protected":false},"author":1,"featured_media":0,"comment_status":"closed","ping_status":"closed","sticky":false,"template":"","format":"standard","meta":{"footnotes":""},"categories":[17991],"tags":[],"class_list":["post-65074","post","type-post","status-publish","format-standard","","category-son-dakika"],"_links":{"self":[{"href":"https:\/\/archive.sana.sy\/tr\/index.php?rest_route=\/wp\/v2\/posts\/65074","targetHints":{"allow":["GET"]}}],"collection":[{"href":"https:\/\/archive.sana.sy\/tr\/index.php?rest_route=\/wp\/v2\/posts"}],"about":[{"href":"https:\/\/archive.sana.sy\/tr\/index.php?rest_route=\/wp\/v2\/types\/post"}],"author":[{"embeddable":true,"href":"https:\/\/archive.sana.sy\/tr\/index.php?rest_route=\/wp\/v2\/users\/1"}],"replies":[{"embeddable":true,"href":"https:\/\/archive.sana.sy\/tr\/index.php?rest_route=%2Fwp%2Fv2%2Fcomments&post=65074"}],"version-history":[{"count":0,"href":"https:\/\/archive.sana.sy\/tr\/index.php?rest_route=\/wp\/v2\/posts\/65074\/revisions"}],"wp:attachment":[{"href":"https:\/\/archive.sana.sy\/tr\/index.php?rest_route=%2Fwp%2Fv2%2Fmedia&parent=65074"}],"wp:term":[{"taxonomy":"category","embeddable":true,"href":"https:\/\/archive.sana.sy\/tr\/index.php?rest_route=%2Fwp%2Fv2%2Fcategories&post=65074"},{"taxonomy":"post_tag","embeddable":true,"href":"https:\/\/archive.sana.sy\/tr\/index.php?rest_route=%2Fwp%2Fv2%2Ftags&post=65074"}],"curies":[{"name":"wp","href":"https:\/\/api.w.org\/{rel}","templated":true}]}}