{"id":65079,"date":"2016-03-16T14:44:33","date_gmt":"2016-03-16T12:44:33","guid":{"rendered":"http:\/\/sana.sy\/tr\/?p=65079"},"modified":"2016-03-17T11:57:22","modified_gmt":"2016-03-17T09:57:22","slug":"teroristler-sivil-bolgelere-havan-saldirilarini-surduruyor","status":"publish","type":"post","link":"https:\/\/archive.sana.sy\/tr\/?p=65079","title":{"rendered":"Ter\u00f6ristler Sivil B\u00f6lgelere Havan Sald\u0131r\u0131lar\u0131n\u0131 S\u00fcrd\u00fcr\u00fcyor"},"content":{"rendered":"<p>HALEP \u2013 Ter\u00f6ristler bug\u00fcn de \u00e7at\u0131\u015fmalar\u0131 durdurma anla\u015fmas\u0131na ihlallerini s\u00fcrd\u00fcrerek Halep Kentinin kuzey kenarlar\u0131na d\u00fc\u015fen \u015eeyh Maksud Semtine havanlarla sald\u0131rd\u0131.<\/p>\n<p>\u015eeyh Maksud Semtinde yerel kaynaklar SANA muhabirine a\u00e7\u0131klamas\u0131nda; Beni Zeyd Semtinde siperlenen ter\u00f6ristlerin \u015eeyh Maksud Semtini onlarca havan roketiyle geli\u015fig\u00fczel olarak hedef ald\u0131klar\u0131n\u0131 s\u00f6yledi. Kaynaklar sald\u0131r\u0131larda 12 vatanda\u015f\u0131n yaraland\u0131\u011f\u0131n\u0131, \u00f6zel ve kamu m\u00fclklerde b\u00fcy\u00fck hasarlar\u0131n olu\u015ftu\u011funu s\u00f6zlerine ekledi.<\/p>\n<p>Di\u011fer yandan Halep Hanas\u0131r yolu \u00fczerinde ordu birliklerimiz taraf\u0131ndan defedilmeden \u00f6nce I\u015e\u0130D \u00e7etelerinin yerle\u015ftirdikleri bir may\u0131n\u0131n patlamas\u0131 sonucunda elektrik ar\u0131za ekibinden 2 i\u015f\u00e7i yaraland\u0131.<\/p>\n<p>Beni Zeyd Semtinde Erdo\u011fan ve Al Suud rejimlerine tabi olarak faaliyet g\u00f6steren ter\u00f6ristler Halep Kentinin muhtelif sivil yerle\u015fim alanlar\u0131na s\u00fcrekli olarak geli\u015fig\u00fczel f\u00fcze ve roket sald\u0131r\u0131lar\u0131nda bulunuyor.<\/p>\n","protected":false},"excerpt":{"rendered":"<p>HALEP \u2013 Ter\u00f6ristler bug\u00fcn de \u00e7at\u0131\u015fmalar\u0131 durdurma anla\u015fmas\u0131na ihlallerini s\u00fcrd\u00fcrerek Halep Kentinin kuzey kenarlar\u0131na d\u00fc\u015fen \u015eeyh Maksud Semtine havanlarla sald\u0131rd\u0131. \u015eeyh Maksud Semtinde yerel kaynaklar SANA muhabirine a\u00e7\u0131klamas\u0131nda; Beni Zeyd Semtinde siperlenen ter\u00f6ristlerin \u015eeyh Maksud Semtini onlarca havan roketiyle geli\u015fig\u00fczel olarak hedef ald\u0131klar\u0131n\u0131 s\u00f6yledi. Kaynaklar sald\u0131r\u0131larda 12 vatanda\u015f\u0131n yaraland\u0131\u011f\u0131n\u0131, \u00f6zel ve kamu m\u00fclklerde b\u00fcy\u00fck hasarlar\u0131n &hellip;<\/p>\n","protected":false},"author":1,"featured_media":65138,"comment_status":"closed","ping_status":"closed","sticky":false,"template":"","format":"standard","meta":{"footnotes":""},"categories":[575,17988],"tags":[19882,18237,5010,18723,19883,2930],"class_list":["post-65079","post","type-post","status-publish","format-standard","has-post-thumbnail","","category-olaylar-ve-gercekler","category-son-haberler","tag-anlasma-ihlali","tag-cihatcilar","tag-havan-saldirilari","tag-muhalifler","tag-tekficiler","tag-teroristler"],"_links":{"self":[{"href":"https:\/\/archive.sana.sy\/tr\/index.php?rest_route=\/wp\/v2\/posts\/65079","targetHints":{"allow":["GET"]}}],"collection":[{"href":"https:\/\/archive.sana.sy\/tr\/index.php?rest_route=\/wp\/v2\/posts"}],"about":[{"href":"https:\/\/archive.sana.sy\/tr\/index.php?rest_route=\/wp\/v2\/types\/post"}],"author":[{"embeddable":true,"href":"https:\/\/archive.sana.sy\/tr\/index.php?rest_route=\/wp\/v2\/users\/1"}],"replies":[{"embeddable":true,"href":"https:\/\/archive.sana.sy\/tr\/index.php?rest_route=%2Fwp%2Fv2%2Fcomments&post=65079"}],"version-history":[{"count":0,"href":"https:\/\/archive.sana.sy\/tr\/index.php?rest_route=\/wp\/v2\/posts\/65079\/revisions"}],"wp:featuredmedia":[{"embeddable":true,"href":"https:\/\/archive.sana.sy\/tr\/index.php?rest_route=\/wp\/v2\/media\/65138"}],"wp:attachment":[{"href":"https:\/\/archive.sana.sy\/tr\/index.php?rest_route=%2Fwp%2Fv2%2Fmedia&parent=65079"}],"wp:term":[{"taxonomy":"category","embeddable":true,"href":"https:\/\/archive.sana.sy\/tr\/index.php?rest_route=%2Fwp%2Fv2%2Fcategories&post=65079"},{"taxonomy":"post_tag","embeddable":true,"href":"https:\/\/archive.sana.sy\/tr\/index.php?rest_route=%2Fwp%2Fv2%2Ftags&post=65079"}],"curies":[{"name":"wp","href":"https:\/\/api.w.org\/{rel}","templated":true}]}}