{"id":65087,"date":"2016-03-16T12:40:38","date_gmt":"2016-03-16T10:40:38","guid":{"rendered":"http:\/\/sana.sy\/tr\/?p=65087"},"modified":"2016-03-16T13:02:16","modified_gmt":"2016-03-16T11:02:16","slug":"rusya-disisleri-bakani-sergey-lavrov-misirli-mevkidasi-ile-duzenledigi-ortak-basin-toplantisinda-suriye-halkinin-kendi-gelecegini-belirleyecek-tek-taraf-oldugunun-bir-kez-daha-altini-cizerken-bu-hakk","status":"publish","type":"post","link":"https:\/\/archive.sana.sy\/tr\/?p=65087","title":{"rendered":"Rusya D\u0131\u015fi\u015fleri bakan\u0131 Sergey Lavrov M\u0131s\u0131rl\u0131 mevkida\u015f\u0131 ile d\u00fczenledi\u011fi ortak bas\u0131n toplant\u0131s\u0131nda Suriye halk\u0131n\u0131n kendi gelece\u011fini belirleyecek tek taraf oldu\u011funun bir kez daha alt\u0131n\u0131 \u00e7izerken, bu hakk\u0131n\u0131n da BM ve G\u00fcvenlik Konseyi kararlar\u0131nda net bir \u015fekilde ifade edildi\u011fini vurgulad\u0131"},"content":{"rendered":"<p>Rusya D\u0131\u015fi\u015fleri bakan\u0131 Sergey Lavrov M\u0131s\u0131rl\u0131 mevkida\u015f\u0131 ile d\u00fczenledi\u011fi ortak bas\u0131n toplant\u0131s\u0131nda Suriye halk\u0131n\u0131n kendi gelece\u011fini belirleyecek tek taraf oldu\u011funun bir kez daha alt\u0131n\u0131 \u00e7izerken, bu hakk\u0131n\u0131n da BM ve G\u00fcvenlik Konseyi kararlar\u0131nda net bir \u015fekilde ifade edildi\u011fini vurgulad\u0131<\/p>\n","protected":false},"excerpt":{"rendered":"<p>Rusya D\u0131\u015fi\u015fleri bakan\u0131 Sergey Lavrov M\u0131s\u0131rl\u0131 mevkida\u015f\u0131 ile d\u00fczenledi\u011fi ortak bas\u0131n toplant\u0131s\u0131nda Suriye halk\u0131n\u0131n kendi gelece\u011fini belirleyecek tek taraf oldu\u011funun bir kez daha alt\u0131n\u0131 \u00e7izerken, bu hakk\u0131n\u0131n da BM ve G\u00fcvenlik Konseyi kararlar\u0131nda net bir \u015fekilde ifade edildi\u011fini vurgulad\u0131<\/p>\n","protected":false},"author":1,"featured_media":0,"comment_status":"closed","ping_status":"closed","sticky":false,"template":"","format":"standard","meta":{"footnotes":""},"categories":[17991],"tags":[],"class_list":["post-65087","post","type-post","status-publish","format-standard","","category-son-dakika"],"_links":{"self":[{"href":"https:\/\/archive.sana.sy\/tr\/index.php?rest_route=\/wp\/v2\/posts\/65087","targetHints":{"allow":["GET"]}}],"collection":[{"href":"https:\/\/archive.sana.sy\/tr\/index.php?rest_route=\/wp\/v2\/posts"}],"about":[{"href":"https:\/\/archive.sana.sy\/tr\/index.php?rest_route=\/wp\/v2\/types\/post"}],"author":[{"embeddable":true,"href":"https:\/\/archive.sana.sy\/tr\/index.php?rest_route=\/wp\/v2\/users\/1"}],"replies":[{"embeddable":true,"href":"https:\/\/archive.sana.sy\/tr\/index.php?rest_route=%2Fwp%2Fv2%2Fcomments&post=65087"}],"version-history":[{"count":0,"href":"https:\/\/archive.sana.sy\/tr\/index.php?rest_route=\/wp\/v2\/posts\/65087\/revisions"}],"wp:attachment":[{"href":"https:\/\/archive.sana.sy\/tr\/index.php?rest_route=%2Fwp%2Fv2%2Fmedia&parent=65087"}],"wp:term":[{"taxonomy":"category","embeddable":true,"href":"https:\/\/archive.sana.sy\/tr\/index.php?rest_route=%2Fwp%2Fv2%2Fcategories&post=65087"},{"taxonomy":"post_tag","embeddable":true,"href":"https:\/\/archive.sana.sy\/tr\/index.php?rest_route=%2Fwp%2Fv2%2Ftags&post=65087"}],"curies":[{"name":"wp","href":"https:\/\/api.w.org\/{rel}","templated":true}]}}