{"id":65094,"date":"2016-03-16T13:00:40","date_gmt":"2016-03-16T11:00:40","guid":{"rendered":"http:\/\/sana.sy\/tr\/?p=65094"},"modified":"2016-03-16T13:09:09","modified_gmt":"2016-03-16T11:09:09","slug":"rusya-milli-guvenlik-konseyi-suriyede-uluslar-arasi-teroru-hedef-almanin-rusyanin-degismez-ilkeli-tutumu-oldugunu-ifade-etti","status":"publish","type":"post","link":"https:\/\/archive.sana.sy\/tr\/?p=65094","title":{"rendered":"Rusya Milli G\u00fcvenlik Konseyi Suriye&#8217;de uluslar aras\u0131 ter\u00f6r\u00fc hedef alman\u0131n Rusya&#8217;n\u0131n de\u011fi\u015fmez ilkeli tutumu oldu\u011funu ifade etti"},"content":{"rendered":"<p>Rusya Milli G\u00fcvenlik Konseyi Suriye&#8217;de uluslar aras\u0131 ter\u00f6r\u00fc hedef alman\u0131n Rusya&#8217;n\u0131n de\u011fi\u015fmez ilkeli tutumu oldu\u011funu ifade etti<\/p>\n","protected":false},"excerpt":{"rendered":"<p>Rusya Milli G\u00fcvenlik Konseyi Suriye&#8217;de uluslar aras\u0131 ter\u00f6r\u00fc hedef alman\u0131n Rusya&#8217;n\u0131n de\u011fi\u015fmez ilkeli tutumu oldu\u011funu ifade etti<\/p>\n","protected":false},"author":1,"featured_media":0,"comment_status":"closed","ping_status":"closed","sticky":false,"template":"","format":"standard","meta":{"footnotes":""},"categories":[17991],"tags":[],"class_list":["post-65094","post","type-post","status-publish","format-standard","","category-son-dakika"],"_links":{"self":[{"href":"https:\/\/archive.sana.sy\/tr\/index.php?rest_route=\/wp\/v2\/posts\/65094","targetHints":{"allow":["GET"]}}],"collection":[{"href":"https:\/\/archive.sana.sy\/tr\/index.php?rest_route=\/wp\/v2\/posts"}],"about":[{"href":"https:\/\/archive.sana.sy\/tr\/index.php?rest_route=\/wp\/v2\/types\/post"}],"author":[{"embeddable":true,"href":"https:\/\/archive.sana.sy\/tr\/index.php?rest_route=\/wp\/v2\/users\/1"}],"replies":[{"embeddable":true,"href":"https:\/\/archive.sana.sy\/tr\/index.php?rest_route=%2Fwp%2Fv2%2Fcomments&post=65094"}],"version-history":[{"count":0,"href":"https:\/\/archive.sana.sy\/tr\/index.php?rest_route=\/wp\/v2\/posts\/65094\/revisions"}],"wp:attachment":[{"href":"https:\/\/archive.sana.sy\/tr\/index.php?rest_route=%2Fwp%2Fv2%2Fmedia&parent=65094"}],"wp:term":[{"taxonomy":"category","embeddable":true,"href":"https:\/\/archive.sana.sy\/tr\/index.php?rest_route=%2Fwp%2Fv2%2Fcategories&post=65094"},{"taxonomy":"post_tag","embeddable":true,"href":"https:\/\/archive.sana.sy\/tr\/index.php?rest_route=%2Fwp%2Fv2%2Ftags&post=65094"}],"curies":[{"name":"wp","href":"https:\/\/api.w.org\/{rel}","templated":true}]}}