{"id":65098,"date":"2016-03-16T13:07:05","date_gmt":"2016-03-16T11:07:05","guid":{"rendered":"http:\/\/sana.sy\/tr\/?p=65098"},"modified":"2016-03-16T13:15:50","modified_gmt":"2016-03-16T11:15:50","slug":"caferi-suriye-arap-cumhuriyeti-heyetinin-de-mistura-yardimcisi-ve-asistani-ile-bulundugu-toplantinin-olumlu-ve-faydali-oldugunu-ifade-ederken-onkosulsuz-ve-mutlak-bir-sekilde-suriyeliler-arasinda-di","status":"publish","type":"post","link":"https:\/\/archive.sana.sy\/tr\/?p=65098","title":{"rendered":"Caferi Suriye Arap Cumhuriyeti heyetinin de Mistura, yard\u0131mc\u0131s\u0131 ve asistan\u0131 ile bulundu\u011fu toplant\u0131n\u0131n olumlu ve faydal\u0131 oldu\u011funu ifade ederken, \u00f6nko\u015fulsuz ve mutlak bir \u015fekilde Suriyeliler aras\u0131nda diyalog g\u00f6r\u00fc\u015fmeleri \u00f6n\u00fcnde kap\u0131lar\u0131 a\u00e7abilecek pratik ad\u0131mlar\u0131 tart\u0131\u015ft\u0131klar\u0131n\u0131 a\u00e7\u0131klad\u0131"},"content":{"rendered":"<p>Caferi Suriye Arap Cumhuriyeti heyetinin de Mistura, yard\u0131mc\u0131s\u0131 ve asistan\u0131 ile bulundu\u011fu toplant\u0131n\u0131n olumlu ve faydal\u0131 oldu\u011funu ifade ederken, \u00f6nko\u015fulsuz ve mutlak bir \u015fekilde Suriyeliler aras\u0131nda diyalog g\u00f6r\u00fc\u015fmeleri \u00f6n\u00fcnde kap\u0131lar\u0131 a\u00e7abilecek pratik ad\u0131mlar\u0131 tart\u0131\u015ft\u0131klar\u0131n\u0131 a\u00e7\u0131klad\u0131<\/p>\n","protected":false},"excerpt":{"rendered":"<p>Caferi Suriye Arap Cumhuriyeti heyetinin de Mistura, yard\u0131mc\u0131s\u0131 ve asistan\u0131 ile bulundu\u011fu toplant\u0131n\u0131n olumlu ve faydal\u0131 oldu\u011funu ifade ederken, \u00f6nko\u015fulsuz ve mutlak bir \u015fekilde Suriyeliler aras\u0131nda diyalog g\u00f6r\u00fc\u015fmeleri \u00f6n\u00fcnde kap\u0131lar\u0131 a\u00e7abilecek pratik ad\u0131mlar\u0131 tart\u0131\u015ft\u0131klar\u0131n\u0131 a\u00e7\u0131klad\u0131<\/p>\n","protected":false},"author":1,"featured_media":0,"comment_status":"closed","ping_status":"closed","sticky":false,"template":"","format":"standard","meta":{"footnotes":""},"categories":[17991],"tags":[],"class_list":["post-65098","post","type-post","status-publish","format-standard","","category-son-dakika"],"_links":{"self":[{"href":"https:\/\/archive.sana.sy\/tr\/index.php?rest_route=\/wp\/v2\/posts\/65098","targetHints":{"allow":["GET"]}}],"collection":[{"href":"https:\/\/archive.sana.sy\/tr\/index.php?rest_route=\/wp\/v2\/posts"}],"about":[{"href":"https:\/\/archive.sana.sy\/tr\/index.php?rest_route=\/wp\/v2\/types\/post"}],"author":[{"embeddable":true,"href":"https:\/\/archive.sana.sy\/tr\/index.php?rest_route=\/wp\/v2\/users\/1"}],"replies":[{"embeddable":true,"href":"https:\/\/archive.sana.sy\/tr\/index.php?rest_route=%2Fwp%2Fv2%2Fcomments&post=65098"}],"version-history":[{"count":0,"href":"https:\/\/archive.sana.sy\/tr\/index.php?rest_route=\/wp\/v2\/posts\/65098\/revisions"}],"wp:attachment":[{"href":"https:\/\/archive.sana.sy\/tr\/index.php?rest_route=%2Fwp%2Fv2%2Fmedia&parent=65098"}],"wp:term":[{"taxonomy":"category","embeddable":true,"href":"https:\/\/archive.sana.sy\/tr\/index.php?rest_route=%2Fwp%2Fv2%2Fcategories&post=65098"},{"taxonomy":"post_tag","embeddable":true,"href":"https:\/\/archive.sana.sy\/tr\/index.php?rest_route=%2Fwp%2Fv2%2Ftags&post=65098"}],"curies":[{"name":"wp","href":"https:\/\/api.w.org\/{rel}","templated":true}]}}