{"id":65100,"date":"2016-03-16T13:11:25","date_gmt":"2016-03-16T11:11:25","guid":{"rendered":"http:\/\/sana.sy\/tr\/?p=65100"},"modified":"2016-03-16T13:20:10","modified_gmt":"2016-03-16T11:20:10","slug":"de-mistura-ile-oturumda-bmgknin-2254-sayili-karari-ve-viyana-deklarasyonuna-uygun-olarak-suriye-muhalefetinin-mumkun-oldugunca-genis-bir-sekilde-temsil-edilme-garantisine-iliskin-sekil-konusu","status":"publish","type":"post","link":"https:\/\/archive.sana.sy\/tr\/?p=65100","title":{"rendered":"De Mistura ile oturumda BMGK\u2019nin 2254 say\u0131l\u0131 karar\u0131 ve Viyana Deklarasyonuna uygun olarak Suriye muhalefetinin m\u00fcmk\u00fcn oldu\u011funca geni\u015f bir \u015fekilde temsil edilme garantisine ili\u015fkin \u015fekil konusunun derin olarak tart\u0131\u015f\u0131ld\u0131\u011f\u0131n\u0131 belirten Caferi; kimsenin Suriye muhalefetinin tamam\u0131n\u0131 temsil etti\u011fini iddia etmemesi gere\u011finin alt\u0131n\u0131 \u00e7izdiklerini ifade etti"},"content":{"rendered":"<p>De Mistura ile oturumda BMGK\u2019nin 2254 say\u0131l\u0131 karar\u0131 ve Viyana Deklarasyonuna uygun olarak Suriye muhalefetinin m\u00fcmk\u00fcn oldu\u011funca geni\u015f bir \u015fekilde temsil edilme garantisine ili\u015fkin \u015fekil konusunun derin olarak tart\u0131\u015f\u0131ld\u0131\u011f\u0131n\u0131 belirten Caferi; kimsenin Suriye muhalefetinin tamam\u0131n\u0131 temsil etti\u011fini iddia etmemesi gere\u011finin alt\u0131n\u0131 \u00e7izdiklerini ifade etti<\/p>\n","protected":false},"excerpt":{"rendered":"<p>De Mistura ile oturumda BMGK\u2019nin 2254 say\u0131l\u0131 karar\u0131 ve Viyana Deklarasyonuna uygun olarak Suriye muhalefetinin m\u00fcmk\u00fcn oldu\u011funca geni\u015f bir \u015fekilde temsil edilme garantisine ili\u015fkin \u015fekil konusunun derin olarak tart\u0131\u015f\u0131ld\u0131\u011f\u0131n\u0131 belirten Caferi; kimsenin Suriye muhalefetinin tamam\u0131n\u0131 temsil etti\u011fini iddia etmemesi gere\u011finin alt\u0131n\u0131 \u00e7izdiklerini ifade etti<\/p>\n","protected":false},"author":1,"featured_media":0,"comment_status":"closed","ping_status":"closed","sticky":false,"template":"","format":"standard","meta":{"footnotes":""},"categories":[17991],"tags":[],"class_list":["post-65100","post","type-post","status-publish","format-standard","","category-son-dakika"],"_links":{"self":[{"href":"https:\/\/archive.sana.sy\/tr\/index.php?rest_route=\/wp\/v2\/posts\/65100","targetHints":{"allow":["GET"]}}],"collection":[{"href":"https:\/\/archive.sana.sy\/tr\/index.php?rest_route=\/wp\/v2\/posts"}],"about":[{"href":"https:\/\/archive.sana.sy\/tr\/index.php?rest_route=\/wp\/v2\/types\/post"}],"author":[{"embeddable":true,"href":"https:\/\/archive.sana.sy\/tr\/index.php?rest_route=\/wp\/v2\/users\/1"}],"replies":[{"embeddable":true,"href":"https:\/\/archive.sana.sy\/tr\/index.php?rest_route=%2Fwp%2Fv2%2Fcomments&post=65100"}],"version-history":[{"count":0,"href":"https:\/\/archive.sana.sy\/tr\/index.php?rest_route=\/wp\/v2\/posts\/65100\/revisions"}],"wp:attachment":[{"href":"https:\/\/archive.sana.sy\/tr\/index.php?rest_route=%2Fwp%2Fv2%2Fmedia&parent=65100"}],"wp:term":[{"taxonomy":"category","embeddable":true,"href":"https:\/\/archive.sana.sy\/tr\/index.php?rest_route=%2Fwp%2Fv2%2Fcategories&post=65100"},{"taxonomy":"post_tag","embeddable":true,"href":"https:\/\/archive.sana.sy\/tr\/index.php?rest_route=%2Fwp%2Fv2%2Ftags&post=65100"}],"curies":[{"name":"wp","href":"https:\/\/api.w.org\/{rel}","templated":true}]}}