{"id":65108,"date":"2016-03-16T13:30:04","date_gmt":"2016-03-16T11:30:04","guid":{"rendered":"http:\/\/sana.sy\/tr\/?p=65108"},"modified":"2016-03-16T13:30:10","modified_gmt":"2016-03-16T11:30:10","slug":"turkiyeden-terorist-akisi-israil-destegi-alan-teroristler-ve-urdunden-giren-teroristlere-sinir-koyulmasi-dahil-bmgknin-2254-sayili-kararinin-tamaminin-ciddi-ve-etkin-bir-se","status":"publish","type":"post","link":"https:\/\/archive.sana.sy\/tr\/?p=65108","title":{"rendered":"T\u00fcrkiye\u2019den ter\u00f6rist ak\u0131\u015f\u0131, \u0130srail deste\u011fi alan ter\u00f6ristler ve \u00dcrd\u00fcn\u2019den giren ter\u00f6ristlere s\u0131n\u0131r koyulmas\u0131 dahil BMGK\u2019nin 2254 say\u0131l\u0131 karar\u0131n\u0131n tamam\u0131n\u0131n ciddi ve etkin bir \u015fekilde hayata ge\u00e7irilmesi gere\u011finin alt\u0131 \u00e7izildi\u011fini ifade eden Caferi; BMGK\u2019nin Suriye&#8217;ye ili\u015fkin t\u00fcm kararlar\u0131yla ciddi team\u00fcl\u00fcn gere\u011fine vurgu yapt\u0131klar\u0131n\u0131 a\u00e7\u0131klad\u0131"},"content":{"rendered":"<p>T\u00fcrkiye\u2019den ter\u00f6rist ak\u0131\u015f\u0131, \u0130srail deste\u011fi alan ter\u00f6ristler ve \u00dcrd\u00fcn\u2019den giren ter\u00f6ristlere s\u0131n\u0131r koyulmas\u0131 dahil BMGK\u2019nin 2254 say\u0131l\u0131 karar\u0131n\u0131n tamam\u0131n\u0131n ciddi ve etkin bir \u015fekilde hayata ge\u00e7irilmesi gere\u011finin alt\u0131 \u00e7izildi\u011fini ifade eden Caferi; BMGK\u2019nin Suriye&#8217;ye ili\u015fkin t\u00fcm kararlar\u0131yla ciddi team\u00fcl\u00fcn gere\u011fine vurgu yapt\u0131klar\u0131n\u0131 a\u00e7\u0131klad\u0131<\/p>\n","protected":false},"excerpt":{"rendered":"<p>T\u00fcrkiye\u2019den ter\u00f6rist ak\u0131\u015f\u0131, \u0130srail deste\u011fi alan ter\u00f6ristler ve \u00dcrd\u00fcn\u2019den giren ter\u00f6ristlere s\u0131n\u0131r koyulmas\u0131 dahil BMGK\u2019nin 2254 say\u0131l\u0131 karar\u0131n\u0131n tamam\u0131n\u0131n ciddi ve etkin bir \u015fekilde hayata ge\u00e7irilmesi gere\u011finin alt\u0131 \u00e7izildi\u011fini ifade eden Caferi; BMGK\u2019nin Suriye&#8217;ye ili\u015fkin t\u00fcm kararlar\u0131yla ciddi team\u00fcl\u00fcn gere\u011fine vurgu yapt\u0131klar\u0131n\u0131 a\u00e7\u0131klad\u0131<\/p>\n","protected":false},"author":1,"featured_media":0,"comment_status":"closed","ping_status":"closed","sticky":false,"template":"","format":"standard","meta":{"footnotes":""},"categories":[17991],"tags":[],"class_list":["post-65108","post","type-post","status-publish","format-standard","","category-son-dakika"],"_links":{"self":[{"href":"https:\/\/archive.sana.sy\/tr\/index.php?rest_route=\/wp\/v2\/posts\/65108","targetHints":{"allow":["GET"]}}],"collection":[{"href":"https:\/\/archive.sana.sy\/tr\/index.php?rest_route=\/wp\/v2\/posts"}],"about":[{"href":"https:\/\/archive.sana.sy\/tr\/index.php?rest_route=\/wp\/v2\/types\/post"}],"author":[{"embeddable":true,"href":"https:\/\/archive.sana.sy\/tr\/index.php?rest_route=\/wp\/v2\/users\/1"}],"replies":[{"embeddable":true,"href":"https:\/\/archive.sana.sy\/tr\/index.php?rest_route=%2Fwp%2Fv2%2Fcomments&post=65108"}],"version-history":[{"count":0,"href":"https:\/\/archive.sana.sy\/tr\/index.php?rest_route=\/wp\/v2\/posts\/65108\/revisions"}],"wp:attachment":[{"href":"https:\/\/archive.sana.sy\/tr\/index.php?rest_route=%2Fwp%2Fv2%2Fmedia&parent=65108"}],"wp:term":[{"taxonomy":"category","embeddable":true,"href":"https:\/\/archive.sana.sy\/tr\/index.php?rest_route=%2Fwp%2Fv2%2Fcategories&post=65108"},{"taxonomy":"post_tag","embeddable":true,"href":"https:\/\/archive.sana.sy\/tr\/index.php?rest_route=%2Fwp%2Fv2%2Ftags&post=65108"}],"curies":[{"name":"wp","href":"https:\/\/api.w.org\/{rel}","templated":true}]}}