{"id":65110,"date":"2016-03-16T13:35:56","date_gmt":"2016-03-16T11:35:56","guid":{"rendered":"http:\/\/sana.sy\/tr\/?p=65110"},"modified":"2016-03-16T13:32:59","modified_gmt":"2016-03-16T11:32:59","slug":"kurtler-meselesinde-ise-caferi-suriyeli-kurtlerin-suriye-halkinin-onemli-bir-faktoru-olduklarinin-altini-cizerken-anlasmazligi-provoke-etme-cabalarinin-basarisiz-olacagini-soyledi","status":"publish","type":"post","link":"https:\/\/archive.sana.sy\/tr\/?p=65110","title":{"rendered":"K\u00fcrtler meselesinde ise Caferi; Suriyeli K\u00fcrtlerin Suriye halk\u0131n\u0131n \u00f6nemli bir fakt\u00f6r\u00fc olduklar\u0131n\u0131n alt\u0131n\u0131 \u00e7izerken, anla\u015fmazl\u0131\u011f\u0131 provoke etme \u00e7abalar\u0131n\u0131n ba\u015far\u0131s\u0131z olaca\u011f\u0131n\u0131 s\u00f6yledi"},"content":{"rendered":"<p>K\u00fcrtler meselesinde ise Caferi; Suriyeli K\u00fcrtlerin Suriye halk\u0131n\u0131n \u00f6nemli bir fakt\u00f6r\u00fc olduklar\u0131n\u0131n alt\u0131n\u0131 \u00e7izerken, anla\u015fmazl\u0131\u011f\u0131 provoke etme \u00e7abalar\u0131n\u0131n ba\u015far\u0131s\u0131z olaca\u011f\u0131n\u0131 s\u00f6yledi<\/p>\n","protected":false},"excerpt":{"rendered":"<p>K\u00fcrtler meselesinde ise Caferi; Suriyeli K\u00fcrtlerin Suriye halk\u0131n\u0131n \u00f6nemli bir fakt\u00f6r\u00fc olduklar\u0131n\u0131n alt\u0131n\u0131 \u00e7izerken, anla\u015fmazl\u0131\u011f\u0131 provoke etme \u00e7abalar\u0131n\u0131n ba\u015far\u0131s\u0131z olaca\u011f\u0131n\u0131 s\u00f6yledi<\/p>\n","protected":false},"author":1,"featured_media":0,"comment_status":"closed","ping_status":"closed","sticky":false,"template":"","format":"standard","meta":{"footnotes":""},"categories":[17991],"tags":[],"class_list":["post-65110","post","type-post","status-publish","format-standard","","category-son-dakika"],"_links":{"self":[{"href":"https:\/\/archive.sana.sy\/tr\/index.php?rest_route=\/wp\/v2\/posts\/65110","targetHints":{"allow":["GET"]}}],"collection":[{"href":"https:\/\/archive.sana.sy\/tr\/index.php?rest_route=\/wp\/v2\/posts"}],"about":[{"href":"https:\/\/archive.sana.sy\/tr\/index.php?rest_route=\/wp\/v2\/types\/post"}],"author":[{"embeddable":true,"href":"https:\/\/archive.sana.sy\/tr\/index.php?rest_route=\/wp\/v2\/users\/1"}],"replies":[{"embeddable":true,"href":"https:\/\/archive.sana.sy\/tr\/index.php?rest_route=%2Fwp%2Fv2%2Fcomments&post=65110"}],"version-history":[{"count":0,"href":"https:\/\/archive.sana.sy\/tr\/index.php?rest_route=\/wp\/v2\/posts\/65110\/revisions"}],"wp:attachment":[{"href":"https:\/\/archive.sana.sy\/tr\/index.php?rest_route=%2Fwp%2Fv2%2Fmedia&parent=65110"}],"wp:term":[{"taxonomy":"category","embeddable":true,"href":"https:\/\/archive.sana.sy\/tr\/index.php?rest_route=%2Fwp%2Fv2%2Fcategories&post=65110"},{"taxonomy":"post_tag","embeddable":true,"href":"https:\/\/archive.sana.sy\/tr\/index.php?rest_route=%2Fwp%2Fv2%2Ftags&post=65110"}],"curies":[{"name":"wp","href":"https:\/\/api.w.org\/{rel}","templated":true}]}}