{"id":65113,"date":"2016-03-16T13:40:48","date_gmt":"2016-03-16T11:40:48","guid":{"rendered":"http:\/\/sana.sy\/tr\/?p=65113"},"modified":"2016-03-16T13:40:23","modified_gmt":"2016-03-16T11:40:23","slug":"caferi-suriye-arap-cumhuriyeti-heyeti-ile-tum-muhalefet-heyetleri-arasinda-diyalog-gorusmelerinin-sekli-konusunda-gercekci-kosullara-iliskin-uzlasmanin-saglanmasi-ardindan-ilkesel-olarak-gorusmelerin","status":"publish","type":"post","link":"https:\/\/archive.sana.sy\/tr\/?p=65113","title":{"rendered":"Caferi Suriye Arap Cumhuriyeti heyeti ile t\u00fcm muhalefet heyetleri aras\u0131nda diyalog g\u00f6r\u00fc\u015fmelerinin \u015fekli konusunda ger\u00e7ek\u00e7i ko\u015fullara ili\u015fkin uzla\u015fman\u0131n sa\u011flanmas\u0131 ard\u0131ndan ilkesel olarak g\u00f6r\u00fc\u015fmelerin \u015feklinden i\u00e7eri\u011fini tart\u0131\u015fmaya ge\u00e7eceklerini ifade etti"},"content":{"rendered":"<p>Caferi Suriye Arap Cumhuriyeti heyeti ile t\u00fcm muhalefet heyetleri aras\u0131nda diyalog g\u00f6r\u00fc\u015fmelerinin \u015fekli konusunda ger\u00e7ek\u00e7i ko\u015fullara ili\u015fkin uzla\u015fman\u0131n sa\u011flanmas\u0131 ard\u0131ndan ilkesel olarak g\u00f6r\u00fc\u015fmelerin \u015feklinden i\u00e7eri\u011fini tart\u0131\u015fmaya ge\u00e7eceklerini ifade etti<\/p>\n","protected":false},"excerpt":{"rendered":"<p>Caferi Suriye Arap Cumhuriyeti heyeti ile t\u00fcm muhalefet heyetleri aras\u0131nda diyalog g\u00f6r\u00fc\u015fmelerinin \u015fekli konusunda ger\u00e7ek\u00e7i ko\u015fullara ili\u015fkin uzla\u015fman\u0131n sa\u011flanmas\u0131 ard\u0131ndan ilkesel olarak g\u00f6r\u00fc\u015fmelerin \u015feklinden i\u00e7eri\u011fini tart\u0131\u015fmaya ge\u00e7eceklerini ifade etti<\/p>\n","protected":false},"author":1,"featured_media":0,"comment_status":"closed","ping_status":"closed","sticky":false,"template":"","format":"standard","meta":{"footnotes":""},"categories":[17991],"tags":[],"class_list":["post-65113","post","type-post","status-publish","format-standard","","category-son-dakika"],"_links":{"self":[{"href":"https:\/\/archive.sana.sy\/tr\/index.php?rest_route=\/wp\/v2\/posts\/65113","targetHints":{"allow":["GET"]}}],"collection":[{"href":"https:\/\/archive.sana.sy\/tr\/index.php?rest_route=\/wp\/v2\/posts"}],"about":[{"href":"https:\/\/archive.sana.sy\/tr\/index.php?rest_route=\/wp\/v2\/types\/post"}],"author":[{"embeddable":true,"href":"https:\/\/archive.sana.sy\/tr\/index.php?rest_route=\/wp\/v2\/users\/1"}],"replies":[{"embeddable":true,"href":"https:\/\/archive.sana.sy\/tr\/index.php?rest_route=%2Fwp%2Fv2%2Fcomments&post=65113"}],"version-history":[{"count":0,"href":"https:\/\/archive.sana.sy\/tr\/index.php?rest_route=\/wp\/v2\/posts\/65113\/revisions"}],"wp:attachment":[{"href":"https:\/\/archive.sana.sy\/tr\/index.php?rest_route=%2Fwp%2Fv2%2Fmedia&parent=65113"}],"wp:term":[{"taxonomy":"category","embeddable":true,"href":"https:\/\/archive.sana.sy\/tr\/index.php?rest_route=%2Fwp%2Fv2%2Fcategories&post=65113"},{"taxonomy":"post_tag","embeddable":true,"href":"https:\/\/archive.sana.sy\/tr\/index.php?rest_route=%2Fwp%2Fv2%2Ftags&post=65113"}],"curies":[{"name":"wp","href":"https:\/\/api.w.org\/{rel}","templated":true}]}}