{"id":65115,"date":"2016-03-16T13:37:19","date_gmt":"2016-03-16T11:37:19","guid":{"rendered":"http:\/\/sana.sy\/tr\/?p=65115"},"modified":"2016-03-16T14:40:46","modified_gmt":"2016-03-16T12:40:46","slug":"gazetecilerin-sorularini-cevaplarken-caferi-riyad-muhalefeti-bas-gorusmecisinin-terorist-bir-orgute-tabi-oldugunu-suriye-arap-cumhuriyeti-heyetinin-de-teroristlerle-diyaloga-oturma","status":"publish","type":"post","link":"https:\/\/archive.sana.sy\/tr\/?p=65115","title":{"rendered":"Gazetecilerin sorular\u0131n\u0131 cevaplarken Caferi; \u2018Riyad Muhalefeti\u2019 ba\u015f g\u00f6r\u00fc\u015fmecisinin ter\u00f6rist bir \u00f6rg\u00fcte tabi oldu\u011funu, Suriye Arap Cumhuriyeti heyetinin de ter\u00f6ristlerle diyaloga oturmas\u0131n\u0131n m\u00fcmk\u00fcn olmad\u0131\u011f\u0131n\u0131 vurgulad\u0131."},"content":{"rendered":"<p>Gazetecilerin sorular\u0131n\u0131 cevaplarken Caferi; \u2018Riyad Muhalefeti\u2019 ba\u015f g\u00f6r\u00fc\u015fmecisinin ter\u00f6rist bir \u00f6rg\u00fcte tabi oldu\u011funu, Suriye Arap Cumhuriyeti heyetinin de ter\u00f6ristlerle diyaloga oturmas\u0131n\u0131n m\u00fcmk\u00fcn olmad\u0131\u011f\u0131n\u0131 vurgulad\u0131.<\/p>\n","protected":false},"excerpt":{"rendered":"<p>Gazetecilerin sorular\u0131n\u0131 cevaplarken Caferi; \u2018Riyad Muhalefeti\u2019 ba\u015f g\u00f6r\u00fc\u015fmecisinin ter\u00f6rist bir \u00f6rg\u00fcte tabi oldu\u011funu, Suriye Arap Cumhuriyeti heyetinin de ter\u00f6ristlerle diyaloga oturmas\u0131n\u0131n m\u00fcmk\u00fcn olmad\u0131\u011f\u0131n\u0131 vurgulad\u0131.<\/p>\n","protected":false},"author":1,"featured_media":0,"comment_status":"closed","ping_status":"closed","sticky":false,"template":"","format":"standard","meta":{"footnotes":""},"categories":[17991],"tags":[],"class_list":["post-65115","post","type-post","status-publish","format-standard","","category-son-dakika"],"_links":{"self":[{"href":"https:\/\/archive.sana.sy\/tr\/index.php?rest_route=\/wp\/v2\/posts\/65115","targetHints":{"allow":["GET"]}}],"collection":[{"href":"https:\/\/archive.sana.sy\/tr\/index.php?rest_route=\/wp\/v2\/posts"}],"about":[{"href":"https:\/\/archive.sana.sy\/tr\/index.php?rest_route=\/wp\/v2\/types\/post"}],"author":[{"embeddable":true,"href":"https:\/\/archive.sana.sy\/tr\/index.php?rest_route=\/wp\/v2\/users\/1"}],"replies":[{"embeddable":true,"href":"https:\/\/archive.sana.sy\/tr\/index.php?rest_route=%2Fwp%2Fv2%2Fcomments&post=65115"}],"version-history":[{"count":0,"href":"https:\/\/archive.sana.sy\/tr\/index.php?rest_route=\/wp\/v2\/posts\/65115\/revisions"}],"wp:attachment":[{"href":"https:\/\/archive.sana.sy\/tr\/index.php?rest_route=%2Fwp%2Fv2%2Fmedia&parent=65115"}],"wp:term":[{"taxonomy":"category","embeddable":true,"href":"https:\/\/archive.sana.sy\/tr\/index.php?rest_route=%2Fwp%2Fv2%2Fcategories&post=65115"},{"taxonomy":"post_tag","embeddable":true,"href":"https:\/\/archive.sana.sy\/tr\/index.php?rest_route=%2Fwp%2Fv2%2Ftags&post=65115"}],"curies":[{"name":"wp","href":"https:\/\/api.w.org\/{rel}","templated":true}]}}