{"id":6512,"date":"2014-08-04T19:14:08","date_gmt":"2014-08-04T16:14:08","guid":{"rendered":"http:\/\/www.sana.sy\/tr\/?p=6512"},"modified":"2014-08-04T19:14:08","modified_gmt":"2014-08-04T16:14:08","slug":"askeri-kaynak-ordu-birliklerimizin-dera-kirsalinin-seyh-meskin-berka-ve-enhil-bolgelerinde-teror-yuvalarini-ve-karargahlarini-hedef-aldigi-operasyonlarda-onlarca-teroristi-olu-yarali-dusurdugunu-beli","status":"publish","type":"post","link":"https:\/\/archive.sana.sy\/tr\/?p=6512","title":{"rendered":"Askeri kaynak ordu birliklerimizin Dera k\u0131rsal\u0131n\u0131n \u015eeyh Meskin, Berka ve Enhil b\u00f6lgelerinde ter\u00f6r yuvalar\u0131n\u0131 ve karargahlar\u0131n\u0131 hedef ald\u0131\u011f\u0131 operasyonlarda onlarca ter\u00f6risti \u00f6l\u00fc yaral\u0131 d\u00fc\u015f\u00fcrd\u00fc\u011f\u00fcn\u00fc belirtti."},"content":{"rendered":"<p>Askeri kaynak ordu birliklerimizin Dera k\u0131rsal\u0131n\u0131n \u015eeyh Meskin, Berka ve Enhil b\u00f6lgelerinde ter\u00f6r yuvalar\u0131n\u0131 ve karargahlar\u0131n\u0131 hedef ald\u0131\u011f\u0131 operasyonlarda onlarca ter\u00f6risti \u00f6l\u00fc yaral\u0131 d\u00fc\u015f\u00fcrd\u00fc\u011f\u00fcn\u00fc belirtti.<\/p>\n","protected":false},"excerpt":{"rendered":"<p>Askeri kaynak ordu birliklerimizin Dera k\u0131rsal\u0131n\u0131n \u015eeyh Meskin, Berka ve Enhil b\u00f6lgelerinde ter\u00f6r yuvalar\u0131n\u0131 ve karargahlar\u0131n\u0131 hedef ald\u0131\u011f\u0131 operasyonlarda onlarca ter\u00f6risti \u00f6l\u00fc yaral\u0131 d\u00fc\u015f\u00fcrd\u00fc\u011f\u00fcn\u00fc belirtti.<\/p>\n","protected":false},"author":1,"featured_media":0,"comment_status":"closed","ping_status":"closed","sticky":false,"template":"","format":"standard","meta":{"footnotes":""},"categories":[1],"tags":[1449,1450],"class_list":["post-6512","post","type-post","status-publish","format-standard","","category-news-not-sorted","tag-askeri-kaynak-ordu-birliklerimizin-dera-kirsalinin-seyh-meskin","tag-berka-ve-enhil-bolgelerinde-teror-yuvalarini-ve-karargahlarini-hedef-aldigi-operasyonlarda-onlarca-teroristi-olu-yarali-dusurdugunu-belirtti"],"_links":{"self":[{"href":"https:\/\/archive.sana.sy\/tr\/index.php?rest_route=\/wp\/v2\/posts\/6512","targetHints":{"allow":["GET"]}}],"collection":[{"href":"https:\/\/archive.sana.sy\/tr\/index.php?rest_route=\/wp\/v2\/posts"}],"about":[{"href":"https:\/\/archive.sana.sy\/tr\/index.php?rest_route=\/wp\/v2\/types\/post"}],"author":[{"embeddable":true,"href":"https:\/\/archive.sana.sy\/tr\/index.php?rest_route=\/wp\/v2\/users\/1"}],"replies":[{"embeddable":true,"href":"https:\/\/archive.sana.sy\/tr\/index.php?rest_route=%2Fwp%2Fv2%2Fcomments&post=6512"}],"version-history":[{"count":0,"href":"https:\/\/archive.sana.sy\/tr\/index.php?rest_route=\/wp\/v2\/posts\/6512\/revisions"}],"wp:attachment":[{"href":"https:\/\/archive.sana.sy\/tr\/index.php?rest_route=%2Fwp%2Fv2%2Fmedia&parent=6512"}],"wp:term":[{"taxonomy":"category","embeddable":true,"href":"https:\/\/archive.sana.sy\/tr\/index.php?rest_route=%2Fwp%2Fv2%2Fcategories&post=6512"},{"taxonomy":"post_tag","embeddable":true,"href":"https:\/\/archive.sana.sy\/tr\/index.php?rest_route=%2Fwp%2Fv2%2Ftags&post=6512"}],"curies":[{"name":"wp","href":"https:\/\/api.w.org\/{rel}","templated":true}]}}