{"id":65120,"date":"2016-03-16T14:15:21","date_gmt":"2016-03-16T12:15:21","guid":{"rendered":"http:\/\/sana.sy\/tr\/?p=65120"},"modified":"2016-03-17T11:57:34","modified_gmt":"2016-03-17T09:57:34","slug":"sorunlarimizi-ifade-edecek-en-iyi-adaylari-secmek-icin-bir-firsattir","status":"publish","type":"post","link":"https:\/\/archive.sana.sy\/tr\/?p=65120","title":{"rendered":"Sorunlar\u0131m\u0131z\u0131 \u0130fade Edecek En \u0130yi Adaylar\u0131 Se\u00e7mek \u0130\u00e7in Bir F\u0131rsatt\u0131r"},"content":{"rendered":"<p>HASEKE \u2013 Haseke \u00e7ift\u00e7ileri 13 Nisanda yap\u0131lacak Halk Meclisi se\u00e7imlerine yo\u011fun bir \u015fekilde kat\u0131lma azimlerini ifade ederken, bu se\u00e7imlerin durum ve sorunlar\u0131n\u0131 ifade edecek en uygun milletvekili adaylar\u0131n\u0131 se\u00e7mek i\u00e7in bir f\u0131rsat oldu\u011funu belirtti.<\/p>\n<p>Ter\u00f6r sald\u0131r\u0131lar\u0131 nedeniyle gerileyen tar\u0131m durumuna i\u015faret eden Hasekeli \u00e7ift\u00e7iler; meclis \u00e7at\u0131s\u0131 alt\u0131nda sorunlar\u0131 etkin bir \u015fekilde tart\u0131\u015facak ve yasama kararlar\u0131 haz\u0131rlayacak adaylar\u0131n tercih edilmesi gere\u011fini ifade etti. \u00c7ift\u00e7iler se\u00e7imlerde \u015fahsi \u00e7\u0131karlar\u0131n uzak tutulmas\u0131, Suriye ve halk\u0131n\u0131n \u00e7\u0131karlar\u0131n\u0131n \u00f6n tutulmas\u0131 gere\u011finin alt\u0131n\u0131 \u00e7izdi.<\/p>\n<p>\u00c7ift\u00e7iler Haseke \u0130linin \u00f6zel bir konuma sahip oldu\u011funa i\u015faret ederken, Haseke ahalisinin muhtelif sorunlar\u0131na a\u011f\u0131rl\u0131k verilmesinin ka\u00e7\u0131n\u0131lmaz oldu\u011funu s\u00f6yledi.<\/p>\n","protected":false},"excerpt":{"rendered":"<p>HASEKE \u2013 Haseke \u00e7ift\u00e7ileri 13 Nisanda yap\u0131lacak Halk Meclisi se\u00e7imlerine yo\u011fun bir \u015fekilde kat\u0131lma azimlerini ifade ederken, bu se\u00e7imlerin durum ve sorunlar\u0131n\u0131 ifade edecek en uygun milletvekili adaylar\u0131n\u0131 se\u00e7mek i\u00e7in bir f\u0131rsat oldu\u011funu belirtti. Ter\u00f6r sald\u0131r\u0131lar\u0131 nedeniyle gerileyen tar\u0131m durumuna i\u015faret eden Hasekeli \u00e7ift\u00e7iler; meclis \u00e7at\u0131s\u0131 alt\u0131nda sorunlar\u0131 etkin bir \u015fekilde tart\u0131\u015facak ve yasama kararlar\u0131 &hellip;<\/p>\n","protected":false},"author":1,"featured_media":64037,"comment_status":"closed","ping_status":"closed","sticky":false,"template":"","format":"standard","meta":{"footnotes":""},"categories":[479,17988,478],"tags":[16838,19884,19885,19834],"class_list":["post-65120","post","type-post","status-publish","format-standard","has-post-thumbnail","","category-haberler-yerel","category-son-haberler","category-yerel","tag-halk-meclisi","tag-haseke-ahalisi","tag-parlamanto-secimleri","tag-yasama-secimleri"],"_links":{"self":[{"href":"https:\/\/archive.sana.sy\/tr\/index.php?rest_route=\/wp\/v2\/posts\/65120","targetHints":{"allow":["GET"]}}],"collection":[{"href":"https:\/\/archive.sana.sy\/tr\/index.php?rest_route=\/wp\/v2\/posts"}],"about":[{"href":"https:\/\/archive.sana.sy\/tr\/index.php?rest_route=\/wp\/v2\/types\/post"}],"author":[{"embeddable":true,"href":"https:\/\/archive.sana.sy\/tr\/index.php?rest_route=\/wp\/v2\/users\/1"}],"replies":[{"embeddable":true,"href":"https:\/\/archive.sana.sy\/tr\/index.php?rest_route=%2Fwp%2Fv2%2Fcomments&post=65120"}],"version-history":[{"count":0,"href":"https:\/\/archive.sana.sy\/tr\/index.php?rest_route=\/wp\/v2\/posts\/65120\/revisions"}],"wp:featuredmedia":[{"embeddable":true,"href":"https:\/\/archive.sana.sy\/tr\/index.php?rest_route=\/wp\/v2\/media\/64037"}],"wp:attachment":[{"href":"https:\/\/archive.sana.sy\/tr\/index.php?rest_route=%2Fwp%2Fv2%2Fmedia&parent=65120"}],"wp:term":[{"taxonomy":"category","embeddable":true,"href":"https:\/\/archive.sana.sy\/tr\/index.php?rest_route=%2Fwp%2Fv2%2Fcategories&post=65120"},{"taxonomy":"post_tag","embeddable":true,"href":"https:\/\/archive.sana.sy\/tr\/index.php?rest_route=%2Fwp%2Fv2%2Ftags&post=65120"}],"curies":[{"name":"wp","href":"https:\/\/api.w.org\/{rel}","templated":true}]}}