{"id":65121,"date":"2016-03-16T14:22:04","date_gmt":"2016-03-16T12:22:04","guid":{"rendered":"http:\/\/sana.sy\/tr\/?p=65121"},"modified":"2016-03-17T11:57:30","modified_gmt":"2016-03-17T09:57:30","slug":"anlasmasinin-saglamlastirilmasinda-gercek-bir-firsat-mevcuttur","status":"publish","type":"post","link":"https:\/\/archive.sana.sy\/tr\/?p=65121","title":{"rendered":"Anla\u015fmas\u0131n\u0131n Sa\u011flamla\u015ft\u0131r\u0131lmas\u0131nda Ger\u00e7ek Bir F\u0131rsat Mevcuttur"},"content":{"rendered":"<p>MOSKOVA \u2013 Rusya milli G\u00fcvenlik Konseyi, Suriye&#8217;de uluslar aras\u0131 ter\u00f6re kar\u015f\u0131 sava\u015f\u0131 s\u00fcrd\u00fcrmenin, Rusya&#8217;n\u0131n de\u011fi\u015fmez ilkeli tutumu oldu\u011funu belirtti.<\/p>\n<p>Konsey bug\u00fcn yay\u0131nlad\u0131\u011f\u0131 b\u00fcltende; Suriye&#8217;de I\u015e\u0130D, Nusra Cephesi ve uluslararas\u0131 ter\u00f6r \u00f6rg\u00fctleri listesinde yer alan daha ba\u015fka ter\u00f6r \u00f6rg\u00fctlerini yok etmenin mutlak bir gereklilik oldu\u011funun alt\u0131n\u0131 \u00e7izdi.<\/p>\n<p>Rusya&#8217;n\u0131n Suriye&#8217;de ulusal uzla\u015fman\u0131n geni\u015fletilmesi politikas\u0131n\u0131n halklar\u0131n kendi y\u00f6netimlerini kendi kararlar\u0131yla se\u00e7mede egemen haklar\u0131n\u0131 korudu\u011funu ifade ederken, Suriye&#8217;de yumu\u015fakl\u0131\u011f\u0131na ra\u011fmen \u00e7at\u0131\u015fmalar\u0131 durdurma anla\u015fmas\u0131n\u0131n peki\u015ftirilmesi ve sa\u011flamla\u015ft\u0131r\u0131lmas\u0131 i\u00e7in ger\u00e7ek bir f\u0131rsat\u0131n bulundu\u011funu belirtti.<\/p>\n","protected":false},"excerpt":{"rendered":"<p>MOSKOVA \u2013 Rusya milli G\u00fcvenlik Konseyi, Suriye&#8217;de uluslar aras\u0131 ter\u00f6re kar\u015f\u0131 sava\u015f\u0131 s\u00fcrd\u00fcrmenin, Rusya&#8217;n\u0131n de\u011fi\u015fmez ilkeli tutumu oldu\u011funu belirtti. Konsey bug\u00fcn yay\u0131nlad\u0131\u011f\u0131 b\u00fcltende; Suriye&#8217;de I\u015e\u0130D, Nusra Cephesi ve uluslararas\u0131 ter\u00f6r \u00f6rg\u00fctleri listesinde yer alan daha ba\u015fka ter\u00f6r \u00f6rg\u00fctlerini yok etmenin mutlak bir gereklilik oldu\u011funun alt\u0131n\u0131 \u00e7izdi. Rusya&#8217;n\u0131n Suriye&#8217;de ulusal uzla\u015fman\u0131n geni\u015fletilmesi politikas\u0131n\u0131n halklar\u0131n kendi y\u00f6netimlerini &hellip;<\/p>\n","protected":false},"author":1,"featured_media":65124,"comment_status":"closed","ping_status":"closed","sticky":false,"template":"","format":"standard","meta":{"footnotes":""},"categories":[458,459,17988],"tags":[19886,18849],"class_list":["post-65121","post","type-post","status-publish","format-standard","has-post-thumbnail","","category-dunya1","category-haberler-arap-uluslararasi-politika","category-son-haberler","tag-anlasmasinin-saglamlastirilmasinda-gercek-bir-firsat-mevcuttur","tag-rusya-milli-guvenlik-konseyi"],"_links":{"self":[{"href":"https:\/\/archive.sana.sy\/tr\/index.php?rest_route=\/wp\/v2\/posts\/65121","targetHints":{"allow":["GET"]}}],"collection":[{"href":"https:\/\/archive.sana.sy\/tr\/index.php?rest_route=\/wp\/v2\/posts"}],"about":[{"href":"https:\/\/archive.sana.sy\/tr\/index.php?rest_route=\/wp\/v2\/types\/post"}],"author":[{"embeddable":true,"href":"https:\/\/archive.sana.sy\/tr\/index.php?rest_route=\/wp\/v2\/users\/1"}],"replies":[{"embeddable":true,"href":"https:\/\/archive.sana.sy\/tr\/index.php?rest_route=%2Fwp%2Fv2%2Fcomments&post=65121"}],"version-history":[{"count":0,"href":"https:\/\/archive.sana.sy\/tr\/index.php?rest_route=\/wp\/v2\/posts\/65121\/revisions"}],"wp:featuredmedia":[{"embeddable":true,"href":"https:\/\/archive.sana.sy\/tr\/index.php?rest_route=\/wp\/v2\/media\/65124"}],"wp:attachment":[{"href":"https:\/\/archive.sana.sy\/tr\/index.php?rest_route=%2Fwp%2Fv2%2Fmedia&parent=65121"}],"wp:term":[{"taxonomy":"category","embeddable":true,"href":"https:\/\/archive.sana.sy\/tr\/index.php?rest_route=%2Fwp%2Fv2%2Fcategories&post=65121"},{"taxonomy":"post_tag","embeddable":true,"href":"https:\/\/archive.sana.sy\/tr\/index.php?rest_route=%2Fwp%2Fv2%2Ftags&post=65121"}],"curies":[{"name":"wp","href":"https:\/\/api.w.org\/{rel}","templated":true}]}}