{"id":65123,"date":"2016-03-16T10:21:18","date_gmt":"2016-03-16T08:21:18","guid":{"rendered":"http:\/\/sana.sy\/tr\/?p=65123"},"modified":"2016-03-16T14:31:20","modified_gmt":"2016-03-16T12:31:20","slug":"rusya-temel-rol-oynama-kararliliginda","status":"publish","type":"post","link":"https:\/\/archive.sana.sy\/tr\/?p=65123","title":{"rendered":"Rusya Temel Rol Oynama Kararl\u0131l\u0131\u011f\u0131nda"},"content":{"rendered":"<p>MOSKOVA &#8211; Rusya Duma Meclisi Ba\u015fkan\u0131 Sergei Naryshkin Rusya&#8217;n\u0131n Suriye&#8217;de ter\u00f6r mevkilerine y\u00f6nelik operasyonlar\u0131n\u0131 s\u00fcrd\u00fcrme azminde oldu\u011funu belirtti.<\/p>\n<p>Moskova&#8217;da bug\u00fcn M\u0131s\u0131r D\u0131\u015fi\u015fleri Bakan\u0131 Samir \u015e\u00fckr\u00fc ile bir araya gelen Naryshkin; Rusya&#8217;n\u0131n I\u015e\u0130D ve Nusra Cephesinin yan\u0131 s\u0131ra BMGK\u2019nin ter\u00f6r \u00f6rg\u00fctleri olarak nitelendirdi\u011fi ve Suriye&#8217;de \u00e7at\u0131\u015fmalar\u0131 durdurma anla\u015fmas\u0131n\u0131n kapsamad\u0131\u011f\u0131 ter\u00f6r \u00f6rg\u00fctlere kar\u015f\u0131 sava\u015f\u0131n\u0131 azimle s\u00fcrd\u00fcrece\u011finin alt\u0131n\u0131 \u00e7izdi. Naryshkin ter\u00f6rle m\u00fccadelenin uluslar aras\u0131 toplumun ortak bir misyonu oldu\u011funu ifade ederken, Rusya&#8217;n\u0131n da bu misyonda temel bir rol oynama kararl\u0131l\u0131\u011f\u0131nda oldu\u011funu s\u00f6yledi.<\/p>\n","protected":false},"excerpt":{"rendered":"<p>MOSKOVA &#8211; Rusya Duma Meclisi Ba\u015fkan\u0131 Sergei Naryshkin Rusya&#8217;n\u0131n Suriye&#8217;de ter\u00f6r mevkilerine y\u00f6nelik operasyonlar\u0131n\u0131 s\u00fcrd\u00fcrme azminde oldu\u011funu belirtti. Moskova&#8217;da bug\u00fcn M\u0131s\u0131r D\u0131\u015fi\u015fleri Bakan\u0131 Samir \u015e\u00fckr\u00fc ile bir araya gelen Naryshkin; Rusya&#8217;n\u0131n I\u015e\u0130D ve Nusra Cephesinin yan\u0131 s\u0131ra BMGK\u2019nin ter\u00f6r \u00f6rg\u00fctleri olarak nitelendirdi\u011fi ve Suriye&#8217;de \u00e7at\u0131\u015fmalar\u0131 durdurma anla\u015fmas\u0131n\u0131n kapsamad\u0131\u011f\u0131 ter\u00f6r \u00f6rg\u00fctlere kar\u015f\u0131 sava\u015f\u0131n\u0131 azimle s\u00fcrd\u00fcrece\u011finin alt\u0131n\u0131 &hellip;<\/p>\n","protected":false},"author":1,"featured_media":65127,"comment_status":"closed","ping_status":"closed","sticky":false,"template":"","format":"standard","meta":{"footnotes":""},"categories":[458,459,17988],"tags":[19887,19888],"class_list":["post-65123","post","type-post","status-publish","format-standard","has-post-thumbnail","","category-dunya1","category-haberler-arap-uluslararasi-politika","category-son-haberler","tag-rusya-duma-meclisi-baskani-sergei-naryshkin","tag-rusya-temel-rol-oynama-kararliliginda"],"_links":{"self":[{"href":"https:\/\/archive.sana.sy\/tr\/index.php?rest_route=\/wp\/v2\/posts\/65123","targetHints":{"allow":["GET"]}}],"collection":[{"href":"https:\/\/archive.sana.sy\/tr\/index.php?rest_route=\/wp\/v2\/posts"}],"about":[{"href":"https:\/\/archive.sana.sy\/tr\/index.php?rest_route=\/wp\/v2\/types\/post"}],"author":[{"embeddable":true,"href":"https:\/\/archive.sana.sy\/tr\/index.php?rest_route=\/wp\/v2\/users\/1"}],"replies":[{"embeddable":true,"href":"https:\/\/archive.sana.sy\/tr\/index.php?rest_route=%2Fwp%2Fv2%2Fcomments&post=65123"}],"version-history":[{"count":0,"href":"https:\/\/archive.sana.sy\/tr\/index.php?rest_route=\/wp\/v2\/posts\/65123\/revisions"}],"wp:featuredmedia":[{"embeddable":true,"href":"https:\/\/archive.sana.sy\/tr\/index.php?rest_route=\/wp\/v2\/media\/65127"}],"wp:attachment":[{"href":"https:\/\/archive.sana.sy\/tr\/index.php?rest_route=%2Fwp%2Fv2%2Fmedia&parent=65123"}],"wp:term":[{"taxonomy":"category","embeddable":true,"href":"https:\/\/archive.sana.sy\/tr\/index.php?rest_route=%2Fwp%2Fv2%2Fcategories&post=65123"},{"taxonomy":"post_tag","embeddable":true,"href":"https:\/\/archive.sana.sy\/tr\/index.php?rest_route=%2Fwp%2Fv2%2Ftags&post=65123"}],"curies":[{"name":"wp","href":"https:\/\/api.w.org\/{rel}","templated":true}]}}