{"id":65126,"date":"2016-03-16T14:39:32","date_gmt":"2016-03-16T12:39:32","guid":{"rendered":"http:\/\/sana.sy\/tr\/?p=65126"},"modified":"2016-03-17T11:57:27","modified_gmt":"2016-03-17T09:57:27","slug":"tum-eksenlerde-ilerleme-kaydediliyor","status":"publish","type":"post","link":"https:\/\/archive.sana.sy\/tr\/?p=65126","title":{"rendered":"T\u00fcm Eksenlerde \u0130lerleme Kaydediliyor"},"content":{"rendered":"<p>MOSKOVA \u2013 Rusya D\u0131\u015fi\u015fleri Bakan\u0131 Sergey Lavrov Suriye halk\u0131n\u0131n kendi gelece\u011fini belirleyecek tek taraf oldu\u011funun bir kez daha alt\u0131n\u0131 \u00e7izerken, bu hakk\u0131n\u0131n da BM ve G\u00fcvenlik Konseyi kararlar\u0131nda net bir \u015fekilde ifade edildi\u011fini vurgulad\u0131.<\/p>\n<p>Lavrov bug\u00fcn Moskova&#8217;da M\u0131s\u0131rl\u0131 mevkida\u015f\u0131 Samih \u015e\u00fckr\u00fc ile bulundu\u011fu temaslar\u0131n ard\u0131ndan d\u00fczenledi\u011fi ortak bas\u0131n toplant\u0131s\u0131nda; Suriye&#8217;de \u00e7at\u0131\u015fmalar\u0131 durdurma anla\u015fmas\u0131n\u0131n \u015fu ana dek nispi olarak hayata ge\u00e7irildi\u011fine i\u015faret ederken Cenevre&#8217;de Suriyeliler aras\u0131nda diyalogun ilerlemesiyle bu anla\u015fman\u0131n daha geni\u015f ve daha iyi bir \u015fekilde y\u00fcr\u00fcyece\u011fine dikkat \u00e7ekti.<\/p>\n<p>Rusya D\u0131\u015fi\u015fleri Bakan\u0131 Lavrov Suriye&#8217;deki krize siyasi \u00e7\u00f6z\u00fcm\u00fcn t\u00fcm eksenlerinde ilerlemelerin kaydedildi\u011fini vurgulad\u0131.<\/p>\n<p>T\u00fcrkiye&#8217;den Suriye&#8217;ye giren ter\u00f6ristler konusunda ise Lavrov; T\u00fcrkiye rejiminin, Suriye topraklar\u0131na ter\u00f6rist ve cephane giri\u015fini yasaklamakla birlikte ter\u00f6ristlerle \u00e7al\u0131nt\u0131 petrol veya tarihi eser ticareti yapmay\u0131 yasaklayan BMGK karar\u0131na tam bir \u015fekilde ba\u011fl\u0131 kalmas\u0131 gere\u011finin alt\u0131n\u0131 \u00e7izdi.<\/p>\n","protected":false},"excerpt":{"rendered":"<p>MOSKOVA \u2013 Rusya D\u0131\u015fi\u015fleri Bakan\u0131 Sergey Lavrov Suriye halk\u0131n\u0131n kendi gelece\u011fini belirleyecek tek taraf oldu\u011funun bir kez daha alt\u0131n\u0131 \u00e7izerken, bu hakk\u0131n\u0131n da BM ve G\u00fcvenlik Konseyi kararlar\u0131nda net bir \u015fekilde ifade edildi\u011fini vurgulad\u0131. Lavrov bug\u00fcn Moskova&#8217;da M\u0131s\u0131rl\u0131 mevkida\u015f\u0131 Samih \u015e\u00fckr\u00fc ile bulundu\u011fu temaslar\u0131n ard\u0131ndan d\u00fczenledi\u011fi ortak bas\u0131n toplant\u0131s\u0131nda; Suriye&#8217;de \u00e7at\u0131\u015fmalar\u0131 durdurma anla\u015fmas\u0131n\u0131n \u015fu ana &hellip;<\/p>\n","protected":false},"author":1,"featured_media":65181,"comment_status":"closed","ping_status":"closed","sticky":false,"template":"","format":"standard","meta":{"footnotes":""},"categories":[458,459,17988],"tags":[19890,10651,19889],"class_list":["post-65126","post","type-post","status-publish","format-standard","has-post-thumbnail","","category-dunya1","category-haberler-arap-uluslararasi-politika","category-son-haberler","tag-lavrov-bugun-moskovada-misirli-mevkidasi-samih-sukru","tag-rusya-disisleri-bakani-sergey-lavrov","tag-tum-eksenlerde-ilerleme-kaydediliyor"],"_links":{"self":[{"href":"https:\/\/archive.sana.sy\/tr\/index.php?rest_route=\/wp\/v2\/posts\/65126","targetHints":{"allow":["GET"]}}],"collection":[{"href":"https:\/\/archive.sana.sy\/tr\/index.php?rest_route=\/wp\/v2\/posts"}],"about":[{"href":"https:\/\/archive.sana.sy\/tr\/index.php?rest_route=\/wp\/v2\/types\/post"}],"author":[{"embeddable":true,"href":"https:\/\/archive.sana.sy\/tr\/index.php?rest_route=\/wp\/v2\/users\/1"}],"replies":[{"embeddable":true,"href":"https:\/\/archive.sana.sy\/tr\/index.php?rest_route=%2Fwp%2Fv2%2Fcomments&post=65126"}],"version-history":[{"count":0,"href":"https:\/\/archive.sana.sy\/tr\/index.php?rest_route=\/wp\/v2\/posts\/65126\/revisions"}],"wp:featuredmedia":[{"embeddable":true,"href":"https:\/\/archive.sana.sy\/tr\/index.php?rest_route=\/wp\/v2\/media\/65181"}],"wp:attachment":[{"href":"https:\/\/archive.sana.sy\/tr\/index.php?rest_route=%2Fwp%2Fv2%2Fmedia&parent=65126"}],"wp:term":[{"taxonomy":"category","embeddable":true,"href":"https:\/\/archive.sana.sy\/tr\/index.php?rest_route=%2Fwp%2Fv2%2Fcategories&post=65126"},{"taxonomy":"post_tag","embeddable":true,"href":"https:\/\/archive.sana.sy\/tr\/index.php?rest_route=%2Fwp%2Fv2%2Ftags&post=65126"}],"curies":[{"name":"wp","href":"https:\/\/api.w.org\/{rel}","templated":true}]}}