{"id":65186,"date":"2016-03-16T10:18:25","date_gmt":"2016-03-16T08:18:25","guid":{"rendered":"http:\/\/sana.sy\/tr\/?p=65186"},"modified":"2016-03-17T12:39:28","modified_gmt":"2016-03-17T10:39:28","slug":"isid-ve-nusra-cephesine-karsi-operasyonlar-araliksiz-devam-ediyor","status":"publish","type":"post","link":"https:\/\/archive.sana.sy\/tr\/?p=65186","title":{"rendered":"I\u015e\u0130D ve Nusra Cephesine Kar\u015f\u0131 Operasyonlar Aral\u0131ks\u0131z Devam Ediyor"},"content":{"rendered":"<p>\u0130LLER \u2013 Ordu birliklerimiz I\u015e\u0130D ve Nusra Cephesinin yan\u0131 s\u0131ra tabanlar\u0131ndan t\u00fcreyen tekfirci ter\u00f6ristlere kar\u015f\u0131 operasyonlar\u0131n\u0131 bug\u00fcn s\u00fcrd\u00fcr\u00fcrlerken, cephane ta\u015f\u0131yan ara\u00e7lar\u0131yla birlikte onlar\u0131 a\u011f\u0131r kay\u0131plara u\u011fratmaya devam etti.<\/p>\n<p><span style=\"color: #0000ff\">DEYREZZOR:<\/span><\/p>\n<p>SANA\u2019ya a\u00e7\u0131klama yapan askeri bir kaynak ordu birliklerimizin son 24 saat i\u00e7inde Deyrezzor Kentinin yakla\u015f\u0131k 6 km g\u00fcneyine d\u00fc\u015fen Teym Sahas\u0131 y\u00f6n\u00fcnde Serde Da\u011f\u0131, Panorama ve Seyaka Okulu eksenlerinden I\u015e\u0130D mevkilerine yo\u011fun operasyonlar d\u00fczenlediklerini s\u00f6yledi.<\/p>\n<p>Operasyonlarda onlarca tekfircinin \u00f6ld\u00fcr\u00fcld\u00fc\u011f\u00fcn\u00fc belirten kaynak; 23 mm kalibreli a\u011f\u0131r silahla donat\u0131lm\u0131\u015f 2 arac\u0131n yan\u0131 s\u0131ra \u00e7al\u0131nt\u0131 petrol ta\u015f\u0131yan bir tankerin imha edildi\u011fini ifade etti. Kaynak operasyonlar sonucunda Teym Sahas\u0131 ve Teknik Enstit\u00fcde bulunan tekfircilerin \u00e7embere al\u0131nm\u0131\u015f olduklar\u0131n\u0131 s\u00f6zlerine ekledi.<\/p>\n<p>Kaynak Deyrezzor k\u0131rsal\u0131n\u0131n bat\u0131s\u0131 B\u011fayliye Beldesinde ise ordu birliklerimizin I\u015e\u0130D mevkileri ve karargahlar\u0131n\u0131 yo\u011fun ate\u015fe tuttuklar\u0131n\u0131 ifade ederken, tekfirci ter\u00f6ristleri ta\u015f\u0131yan bir arac\u0131n y\u00fck\u00fcyle birlikte imha edildi\u011fini aktard\u0131.<\/p>\n<p>\u0130l k\u0131rsal\u0131n\u0131n do\u011fusu Huveycat Sakr B\u00f6lgesinde ise ordu birliklerimiz a\u011f\u0131r makineli silah ve havan topunun monte edildi\u011fi bir pikap arac\u0131n\u0131 5 ter\u00f6ristle birlikte imha ettiler.<\/p>\n<p>Bu arada saha kaynaklar\u0131 ordu birliklerimizin son iki g\u00fcn i\u00e7inde Deyrezzor Kentinin Sanayi Semtinin yan\u0131 s\u0131ra Deyrezzor Askeri Havaalan\u0131 civar\u0131 ve Makabir Da\u011f\u0131 b\u00f6lgelerinde I\u015e\u0130D tekfircileriyle \u015fiddetli \u00e7at\u0131\u015fmalara girerek onlar\u0131 say\u0131 ve ekipmanlar\u0131yla a\u011f\u0131r kay\u0131plara u\u011fratt\u0131klar\u0131n\u0131 s\u00f6yledi. Kaynaklar \u00f6ld\u00fcr\u00fclen ter\u00f6ristlerin aras\u0131nda tehlikeli isimlerin oldu\u011funa dikkat \u00e7ekti.<\/p>\n<p><span style=\"color: #0000ff\">S\u00dcVEYDA:<\/span><\/p>\n<p>S\u00fcveyda Valili\u011finde yetkili bir kaynak SANA muhabirine a\u00e7\u0131klamas\u0131nda; Halk Savunma G\u00fc\u00e7lerinin ilin do\u011fusu Badiye B\u00f6lgesinden bat\u0131 y\u00f6n\u00fcnde Lucat B\u00f6lgesi istikametinde ilerleyen I\u015e\u0130D ter\u00f6r \u00f6rg\u00fct\u00fcne tabi bir ter\u00f6r grubunu s\u0131k\u0131 bir pusuya d\u00fc\u015f\u00fcr\u00fcrken; tekfircilerin saflar\u0131nda a\u011f\u0131r kay\u0131plara yol a\u00e7t\u0131klar\u0131n\u0131 ifade etti.<\/p>\n<p><span style=\"color: #0000ff\">HOMS:<\/span><\/p>\n<p>\u00d6te yandan saha kaynaklar\u0131; ordu birliklerimizin Halk Savunma G\u00fc\u00e7leriyle i\u015fbirli\u011fi i\u00e7inde Homs \u0130line tabi Tedmur k\u0131rsal\u0131n\u0131n bat\u0131s\u0131 Hayyal s\u0131ra da\u011flar\u0131ndaki stratejik 900 Tepesine sald\u0131ran I\u015e\u0130D\u2019li \u00e7etelerle \u015fiddeti \u00e7at\u0131\u015fmalara girdiklerini belirtti. Kaynaklar; \u00e7at\u0131\u015fmalarda bir\u00e7ok ter\u00f6ristin \u00f6l\u00fc ve yaral\u0131 d\u00fc\u015f\u00fcr\u00fclmeleriyle ter\u00f6r sald\u0131r\u0131s\u0131n\u0131n \u00e7\u00f6kertildi\u011fine dikkat \u00e7ekti.<\/p>\n","protected":false},"excerpt":{"rendered":"<p>\u0130LLER \u2013 Ordu birliklerimiz I\u015e\u0130D ve Nusra Cephesinin yan\u0131 s\u0131ra tabanlar\u0131ndan t\u00fcreyen tekfirci ter\u00f6ristlere kar\u015f\u0131 operasyonlar\u0131n\u0131 bug\u00fcn s\u00fcrd\u00fcr\u00fcrlerken, cephane ta\u015f\u0131yan ara\u00e7lar\u0131yla birlikte onlar\u0131 a\u011f\u0131r kay\u0131plara u\u011fratmaya devam etti. DEYREZZOR: SANA\u2019ya a\u00e7\u0131klama yapan askeri bir kaynak ordu birliklerimizin son 24 saat i\u00e7inde Deyrezzor Kentinin yakla\u015f\u0131k 6 km g\u00fcneyine d\u00fc\u015fen Teym Sahas\u0131 y\u00f6n\u00fcnde Serde Da\u011f\u0131, Panorama ve &hellip;<\/p>\n","protected":false},"author":1,"featured_media":65187,"comment_status":"closed","ping_status":"closed","sticky":false,"template":"","format":"standard","meta":{"footnotes":""},"categories":[575],"tags":[19894],"class_list":["post-65186","post","type-post","status-publish","format-standard","has-post-thumbnail","","category-olaylar-ve-gercekler","tag-isid-ve-nusra-cephesine-karsi-operasyonlar-araliksiz-devam-ediyor"],"_links":{"self":[{"href":"https:\/\/archive.sana.sy\/tr\/index.php?rest_route=\/wp\/v2\/posts\/65186","targetHints":{"allow":["GET"]}}],"collection":[{"href":"https:\/\/archive.sana.sy\/tr\/index.php?rest_route=\/wp\/v2\/posts"}],"about":[{"href":"https:\/\/archive.sana.sy\/tr\/index.php?rest_route=\/wp\/v2\/types\/post"}],"author":[{"embeddable":true,"href":"https:\/\/archive.sana.sy\/tr\/index.php?rest_route=\/wp\/v2\/users\/1"}],"replies":[{"embeddable":true,"href":"https:\/\/archive.sana.sy\/tr\/index.php?rest_route=%2Fwp%2Fv2%2Fcomments&post=65186"}],"version-history":[{"count":0,"href":"https:\/\/archive.sana.sy\/tr\/index.php?rest_route=\/wp\/v2\/posts\/65186\/revisions"}],"wp:featuredmedia":[{"embeddable":true,"href":"https:\/\/archive.sana.sy\/tr\/index.php?rest_route=\/wp\/v2\/media\/65187"}],"wp:attachment":[{"href":"https:\/\/archive.sana.sy\/tr\/index.php?rest_route=%2Fwp%2Fv2%2Fmedia&parent=65186"}],"wp:term":[{"taxonomy":"category","embeddable":true,"href":"https:\/\/archive.sana.sy\/tr\/index.php?rest_route=%2Fwp%2Fv2%2Fcategories&post=65186"},{"taxonomy":"post_tag","embeddable":true,"href":"https:\/\/archive.sana.sy\/tr\/index.php?rest_route=%2Fwp%2Fv2%2Ftags&post=65186"}],"curies":[{"name":"wp","href":"https:\/\/api.w.org\/{rel}","templated":true}]}}