{"id":6521,"date":"2014-08-04T23:28:35","date_gmt":"2014-08-04T20:28:35","guid":{"rendered":"http:\/\/www.sana.sy\/tr\/?p=6521"},"modified":"2014-08-04T23:28:35","modified_gmt":"2014-08-04T20:28:35","slug":"barazi-sehit-yakinlari-korunmasi-gereken-bir-emanettir","status":"publish","type":"post","link":"https:\/\/archive.sana.sy\/tr\/?p=6521","title":{"rendered":"Barazi: \u015eehit Yak\u0131nlar\u0131 Korunmas\u0131 Gereken Bir Emanettir"},"content":{"rendered":"<p>HOMS \u2013 Homs Valili\u011fi, vatan topraklar\u0131n\u0131n birlik, b\u00fct\u00fcnl\u00fck ve onuru u\u011fruna teredd\u00fct etmeden can\u0131n\u0131 feda eden \u015fehitlerimiz an\u0131s\u0131na d\u00fcn ak\u015fam d\u00fczenledi\u011fi t\u00f6rende \u015fehit ailelerine onur plaketi takdim edildi.<\/p>\n<p>T\u00f6rende bir konu\u015fma yapan Homs Valisi\u00a0 Talal Barazi; bu t\u00f6renin ve \u015fehit ailelerine sunulan onur plaketlerinin canlar\u0131n\u0131 vatan u\u011fruna feda eden \u015fehitlerimize kar\u015f\u0131 duyulan sayg\u0131, sevgi, ba\u011fl\u0131l\u0131k ve vefan\u0131n bin yans\u0131mas\u0131 oldu\u011funu dile getirdi.<\/p>\n<p>Vatan topraklar\u0131nda \u015fehitli\u011fin kutsal bir de\u011fer te\u015fkil etti\u011fine dikkat \u00e7eken Barazi;\u00a0 yaratt\u0131klar\u0131 fedak\u00e2rl\u0131k ve vatana vefa de\u011ferleriyle \u015fehitlerimizin yeni nesillerin yolunu ayd\u0131nlataca\u011f\u0131n\u0131 ifade ederek \u015fehit yak\u0131nlar\u0131n\u0131n korunmas\u0131 gereken kutsal bir emanet oldu\u011funu vurgulad\u0131.<\/p>\n","protected":false},"excerpt":{"rendered":"<p>HOMS \u2013 Homs Valili\u011fi, vatan topraklar\u0131n\u0131n birlik, b\u00fct\u00fcnl\u00fck ve onuru u\u011fruna teredd\u00fct etmeden can\u0131n\u0131 feda eden \u015fehitlerimiz an\u0131s\u0131na d\u00fcn ak\u015fam d\u00fczenledi\u011fi t\u00f6rende \u015fehit ailelerine onur plaketi takdim edildi. T\u00f6rende bir konu\u015fma yapan Homs Valisi\u00a0 Talal Barazi; bu t\u00f6renin ve \u015fehit ailelerine sunulan onur plaketlerinin canlar\u0131n\u0131 vatan u\u011fruna feda eden \u015fehitlerimize kar\u015f\u0131 duyulan sayg\u0131, sevgi, ba\u011fl\u0131l\u0131k &hellip;<\/p>\n","protected":false},"author":1,"featured_media":6522,"comment_status":"closed","ping_status":"closed","sticky":false,"template":"","format":"standard","meta":{"footnotes":""},"categories":[479,478],"tags":[1452],"class_list":["post-6521","post","type-post","status-publish","format-standard","has-post-thumbnail","","category-haberler-yerel","category-yerel","tag-barazi-sehit-yakinlari-korunmasi-gereken-bir-emanettir"],"_links":{"self":[{"href":"https:\/\/archive.sana.sy\/tr\/index.php?rest_route=\/wp\/v2\/posts\/6521","targetHints":{"allow":["GET"]}}],"collection":[{"href":"https:\/\/archive.sana.sy\/tr\/index.php?rest_route=\/wp\/v2\/posts"}],"about":[{"href":"https:\/\/archive.sana.sy\/tr\/index.php?rest_route=\/wp\/v2\/types\/post"}],"author":[{"embeddable":true,"href":"https:\/\/archive.sana.sy\/tr\/index.php?rest_route=\/wp\/v2\/users\/1"}],"replies":[{"embeddable":true,"href":"https:\/\/archive.sana.sy\/tr\/index.php?rest_route=%2Fwp%2Fv2%2Fcomments&post=6521"}],"version-history":[{"count":0,"href":"https:\/\/archive.sana.sy\/tr\/index.php?rest_route=\/wp\/v2\/posts\/6521\/revisions"}],"wp:featuredmedia":[{"embeddable":true,"href":"https:\/\/archive.sana.sy\/tr\/index.php?rest_route=\/wp\/v2\/media\/6522"}],"wp:attachment":[{"href":"https:\/\/archive.sana.sy\/tr\/index.php?rest_route=%2Fwp%2Fv2%2Fmedia&parent=6521"}],"wp:term":[{"taxonomy":"category","embeddable":true,"href":"https:\/\/archive.sana.sy\/tr\/index.php?rest_route=%2Fwp%2Fv2%2Fcategories&post=6521"},{"taxonomy":"post_tag","embeddable":true,"href":"https:\/\/archive.sana.sy\/tr\/index.php?rest_route=%2Fwp%2Fv2%2Ftags&post=6521"}],"curies":[{"name":"wp","href":"https:\/\/api.w.org\/{rel}","templated":true}]}}